{"id":8877,"date":"2023-04-17T16:09:17","date_gmt":"2023-04-17T14:09:17","guid":{"rendered":"https:\/\/domicilium.de\/zen-spiritualitaet-bildung\/?p=8877"},"modified":"2023-09-04T19:19:02","modified_gmt":"2023-09-04T17:19:02","slug":"dozentinnen-und-dozenten-zur-persoenlichkeitsbildung","status":"publish","type":"post","link":"https:\/\/domicilium.de\/zen-spiritualitaet-bildung\/dozentinnen-und-dozenten-zur-persoenlichkeitsbildung\/","title":{"rendered":"Kursleiterinnen und Kursleiter f\u00fcr die Pers\u00f6nlichkeitsbildung"},"content":{"rendered":"\t\t<div data-elementor-type=\"wp-post\" data-elementor-id=\"8877\" class=\"elementor elementor-8877\" data-elementor-post-type=\"post\">\n\t\t\t\t\t\t<section class=\"elementor-section elementor-top-section elementor-element elementor-element-445ea27 elementor-section-boxed elementor-section-height-default elementor-section-height-default\" data-id=\"445ea27\" data-element_type=\"section\">\n\t\t\t\t\t\t<div class=\"elementor-container elementor-column-gap-wider\">\n\t\t\t\t\t<div class=\"elementor-column elementor-col-100 elementor-top-column elementor-element elementor-element-6d72ce4\" data-id=\"6d72ce4\" data-element_type=\"column\">\n\t\t\t<div class=\"elementor-widget-wrap elementor-element-populated\">\n\t\t\t\t\t\t<div class=\"elementor-element elementor-element-edd9044 elementor-widget elementor-widget-text-editor\" data-id=\"edd9044\" data-element_type=\"widget\" data-widget_type=\"text-editor.default\">\n\t\t\t\t<div class=\"elementor-widget-container\">\n\t\t\t\t\t\t\t\t\t<p>Lehrende<\/p>\t\t\t\t\t\t\t\t<\/div>\n\t\t\t\t<\/div>\n\t\t\t\t\t<\/div>\n\t\t<\/div>\n\t\t\t\t\t<\/div>\n\t\t<\/section>\n\t\t\t\t<section class=\"elementor-section elementor-top-section elementor-element elementor-element-4239cae elementor-section-boxed elementor-section-height-default elementor-section-height-default\" data-id=\"4239cae\" data-element_type=\"section\">\n\t\t\t\t\t\t<div class=\"elementor-container elementor-column-gap-default\">\n\t\t\t\t\t<div class=\"elementor-column elementor-col-100 elementor-top-column elementor-element elementor-element-6ff372f\" data-id=\"6ff372f\" data-element_type=\"column\">\n\t\t\t<div class=\"elementor-widget-wrap elementor-element-populated\">\n\t\t\t\t\t\t<div class=\"elementor-element elementor-element-dc46c7b elementor-widget elementor-widget-text-editor\" data-id=\"dc46c7b\" data-element_type=\"widget\" data-widget_type=\"text-editor.default\">\n\t\t\t\t<div class=\"elementor-widget-container\">\n\t\t\t\t\t\t\t\t\t<h1>Unsere Kursleiterinnen und Kursleiter f\u00fcr die Pers\u00f6nlichkeitsbildung<\/h1>\t\t\t\t\t\t\t\t<\/div>\n\t\t\t\t<\/div>\n\t\t\t\t\t<\/div>\n\t\t<\/div>\n\t\t\t\t\t<\/div>\n\t\t<\/section>\n\t\t\t\t<section class=\"elementor-section elementor-top-section elementor-element elementor-element-f9674e4 elementor-section-boxed elementor-section-height-default elementor-section-height-default\" data-id=\"f9674e4\" data-element_type=\"section\">\n\t\t\t\t\t\t<div class=\"elementor-container elementor-column-gap-default\">\n\t\t\t\t\t<div class=\"elementor-column elementor-col-100 elementor-top-column elementor-element elementor-element-89186e6\" data-id=\"89186e6\" data-element_type=\"column\">\n\t\t\t<div class=\"elementor-widget-wrap elementor-element-populated\">\n\t\t\t\t\t\t<div class=\"elementor-element elementor-element-72150e0 elementor-widget elementor-widget-shortcode\" data-id=\"72150e0\" data-element_type=\"widget\" data-widget_type=\"shortcode.default\">\n\t\t\t\t<div class=\"elementor-widget-container\">\n\t\t\t\t\t\t\t<div class=\"elementor-shortcode\"><style>\n\t#dozenten-liste img { border-radius: 100px 100px 100px 100px; max-width: 160px; }\n\t#dozenten-liste .elementor-widget-image { text-align: left; }\n<\/style>\n\n<section class=\"elementor-section elementor-top-section elementor-element elementor-section-boxed elementor-section-height-default elementor-section-height-default\" id=\"dozenten-liste\">\n\n\t<div class=\"elementor-container elementor-column-gap-default\">\n\t\n\t\t\t\t<div class=\"elementor-column elementor-col-50 elementor-top-column elementor-element\" data-element_type=\"column\">\n\t\t\t<div class=\"elementor-widget-wrap elementor-element-populated\">\n\t\t\t\t<div class=\"elementor-element elementor-widget elementor-widget-image\" data-element_type=\"widget\" data-widget_type=\"image.default\">\n\t\t\t\t\t<div class=\"elementor-widget-container\">\n\t\t\t\t\t\t<a href=\"https:\/\/domicilium.de\/zen-spiritualitaet-bildung\/dozenten\/susanne-bauer-heuser\/\"><img decoding=\"async\" src=\"https:\/\/domicilium.de\/zen-spiritualitaet-bildung\/wp-content\/uploads\/sites\/3\/2024\/08\/Susanne_Bauer-Heuser_Web_500x500px.jpg\" class=\"attachment-medium size-medium\" alt=\" Susanne Bauer-Heuser\" loading=\"lazy\" width=\"300\" height=\"300\"><\/a>\n\t\t\t\t\t<\/div>\n\t\t\t\t<\/div>\n\t\t\t\t<div class=\"elementor-element elementor-widget elementor-widget-heading\" data-element_type=\"widget\" data-widget_type=\"heading.default\">\n\t\t\t\t\t<div class=\"elementor-widget-container\">\n\t\t\t\t\t\t<h3 class=\"elementor-heading-title elementor-size-default\"> Susanne Bauer-Heuser<\/h3>\t\t\n\t\t\t\t\t<\/div>\n\t\t\t\t<\/div>\n\t\t\t\t<div class=\"elementor-element elementor-widget elementor-widget-text-editor\" data-element_type=\"widget\" data-widget_type=\"text-editor.default\">\n\t\t\t\t\t<div class=\"elementor-widget-container\">\n\t\t\t\t\t\t<h5>Ergotherapeutin, Gestaltungstherapeutin<\/h5>\t\t\t\t\t\t\n\t\t\t\t\t<\/div>\n\t\t\t\t<\/div>\n\t\t\t\t<div class=\"elementor-element elementor-widget elementor-widget-text-editor\" data-element_type=\"widget\" data-widget_type=\"text-editor.default\">\n\t\t\t\t\t<div class=\"elementor-widget-container\">\n\t\t\t\t\t\t<p>Susanne Bauer-Heuser ist Ergotherapeutin, Gestaltungstherapeutin und Ressourcenorientierte Traumafachberaterin <a href=\"https:\/\/domicilium.de\/zen-spiritualitaet-bildung\/dozenten\/susanne-bauer-heuser\/\">mehr<\/a><\/p>\t\t\t\t\t\t\n\t\t\t\t\t<\/div>\n\t\t\t\t<\/div>\n\t\t\t<\/div>\n\t\t<\/div>\n\t\t\n\t\t\t\t\n\t\t\t\t<div class=\"elementor-column elementor-col-50 elementor-top-column elementor-element\" data-element_type=\"column\">\n\t\t\t<div class=\"elementor-widget-wrap elementor-element-populated\">\n\t\t\t\t<div class=\"elementor-element elementor-widget elementor-widget-image\" data-element_type=\"widget\" data-widget_type=\"image.default\">\n\t\t\t\t\t<div class=\"elementor-widget-container\">\n\t\t\t\t\t\t<a href=\"https:\/\/domicilium.de\/zen-spiritualitaet-bildung\/dozenten\/dorothee-blaess\/\"><img decoding=\"async\" src=\"https:\/\/domicilium.de\/zen-spiritualitaet-bildung\/wp-content\/uploads\/sites\/3\/2024\/09\/Dorothee_Blaess_Web_500x500px.jpg\" class=\"attachment-medium size-medium\" alt=\" Dorothee Blae\u00df\" loading=\"lazy\" width=\"300\" height=\"300\"><\/a>\n\t\t\t\t\t<\/div>\n\t\t\t\t<\/div>\n\t\t\t\t<div class=\"elementor-element elementor-widget elementor-widget-heading\" data-element_type=\"widget\" data-widget_type=\"heading.default\">\n\t\t\t\t\t<div class=\"elementor-widget-container\">\n\t\t\t\t\t\t<h3 class=\"elementor-heading-title elementor-size-default\"> Dorothee Blae\u00df<\/h3>\t\t\n\t\t\t\t\t<\/div>\n\t\t\t\t<\/div>\n\t\t\t\t<div class=\"elementor-element elementor-widget elementor-widget-text-editor\" data-element_type=\"widget\" data-widget_type=\"text-editor.default\">\n\t\t\t\t\t<div class=\"elementor-widget-container\">\n\t\t\t\t\t\t<h5>Volljuristin, systemische Coachin<\/h5>\t\t\t\t\t\t\n\t\t\t\t\t<\/div>\n\t\t\t\t<\/div>\n\t\t\t\t<div class=\"elementor-element elementor-widget elementor-widget-text-editor\" data-element_type=\"widget\" data-widget_type=\"text-editor.default\">\n\t\t\t\t\t<div class=\"elementor-widget-container\">\n\t\t\t\t\t\t<p>Volljuristin, systemische Coachin, Lehrbeauftragte an der Hochschule M\u00fcnchen und Trainerin f\u00fcr Gewaltfreie Kommunikation <a href=\"https:\/\/domicilium.de\/zen-spiritualitaet-bildung\/dozenten\/dorothee-blaess\/\">mehr<\/a><\/p>\t\t\t\t\t\t\n\t\t\t\t\t<\/div>\n\t\t\t\t<\/div>\n\t\t\t<\/div>\n\t\t<\/div>\n\t\t\n\t\t<\/div><div class=\"elementor-container elementor-column-gap-default\">\t\t\n\t\t\t\t<div class=\"elementor-column elementor-col-50 elementor-top-column elementor-element\" data-element_type=\"column\">\n\t\t\t<div class=\"elementor-widget-wrap elementor-element-populated\">\n\t\t\t\t<div class=\"elementor-element elementor-widget elementor-widget-image\" data-element_type=\"widget\" data-widget_type=\"image.default\">\n\t\t\t\t\t<div class=\"elementor-widget-container\">\n\t\t\t\t\t\t<a href=\"https:\/\/domicilium.de\/zen-spiritualitaet-bildung\/dozenten\/dr-med-stefan-dressler\/\"><img decoding=\"async\" src=\"https:\/\/domicilium.de\/zen-spiritualitaet-bildung\/wp-content\/uploads\/sites\/3\/2022\/11\/Stefan_Dressler_2.jpg\" class=\"attachment-medium size-medium\" alt=\"Dr. med. Stefan Dressler\" loading=\"lazy\" width=\"300\" height=\"300\"><\/a>\n\t\t\t\t\t<\/div>\n\t\t\t\t<\/div>\n\t\t\t\t<div class=\"elementor-element elementor-widget elementor-widget-heading\" data-element_type=\"widget\" data-widget_type=\"heading.default\">\n\t\t\t\t\t<div class=\"elementor-widget-container\">\n\t\t\t\t\t\t<h3 class=\"elementor-heading-title elementor-size-default\">Dr. med. Stefan Dressler<\/h3>\t\t\n\t\t\t\t\t<\/div>\n\t\t\t\t<\/div>\n\t\t\t\t<div class=\"elementor-element elementor-widget elementor-widget-text-editor\" data-element_type=\"widget\" data-widget_type=\"text-editor.default\">\n\t\t\t\t\t<div class=\"elementor-widget-container\">\n\t\t\t\t\t\t<h5>Facharzt, Psychotherapeut und Atemlehrer<\/h5>\t\t\t\t\t\t\n\t\t\t\t\t<\/div>\n\t\t\t\t<\/div>\n\t\t\t\t<div class=\"elementor-element elementor-widget elementor-widget-text-editor\" data-element_type=\"widget\" data-widget_type=\"text-editor.default\">\n\t\t\t\t\t<div class=\"elementor-widget-container\">\n\t\t\t\t\t\t<p>Stefan Dressler ist Facharzt f\u00fcr Psychiatrie und Psychotherapie.  <a href=\"https:\/\/domicilium.de\/zen-spiritualitaet-bildung\/dozenten\/dr-med-stefan-dressler\/\">mehr<\/a><\/p>\t\t\t\t\t\t\n\t\t\t\t\t<\/div>\n\t\t\t\t<\/div>\n\t\t\t<\/div>\n\t\t<\/div>\n\t\t\n\t\t\t\t\n\t\t\t\t<div class=\"elementor-column elementor-col-50 elementor-top-column elementor-element\" data-element_type=\"column\">\n\t\t\t<div class=\"elementor-widget-wrap elementor-element-populated\">\n\t\t\t\t<div class=\"elementor-element elementor-widget elementor-widget-image\" data-element_type=\"widget\" data-widget_type=\"image.default\">\n\t\t\t\t\t<div class=\"elementor-widget-container\">\n\t\t\t\t\t\t<a href=\"https:\/\/domicilium.de\/zen-spiritualitaet-bildung\/dozenten\/gisela-moehle\/\"><img decoding=\"async\" src=\"https:\/\/domicilium.de\/zen-spiritualitaet-bildung\/wp-content\/uploads\/sites\/3\/2022\/11\/Gisela_Moehle.jpg\" class=\"attachment-medium size-medium\" alt=\" Gisela M\u00f6hle\" loading=\"lazy\" width=\"300\" height=\"300\"><\/a>\n\t\t\t\t\t<\/div>\n\t\t\t\t<\/div>\n\t\t\t\t<div class=\"elementor-element elementor-widget elementor-widget-heading\" data-element_type=\"widget\" data-widget_type=\"heading.default\">\n\t\t\t\t\t<div class=\"elementor-widget-container\">\n\t\t\t\t\t\t<h3 class=\"elementor-heading-title elementor-size-default\"> Gisela M\u00f6hle<\/h3>\t\t\n\t\t\t\t\t<\/div>\n\t\t\t\t<\/div>\n\t\t\t\t<div class=\"elementor-element elementor-widget elementor-widget-text-editor\" data-element_type=\"widget\" data-widget_type=\"text-editor.default\">\n\t\t\t\t\t<div class=\"elementor-widget-container\">\n\t\t\t\t\t\t<h5>Atemtherapeutin und Heilpraktikerin f\u00fcr Psychotherapie<\/h5>\t\t\t\t\t\t\n\t\t\t\t\t<\/div>\n\t\t\t\t<\/div>\n\t\t\t\t<div class=\"elementor-element elementor-widget elementor-widget-text-editor\" data-element_type=\"widget\" data-widget_type=\"text-editor.default\">\n\t\t\t\t\t<div class=\"elementor-widget-container\">\n\t\t\t\t\t\t<p>Gisela M\u00f6hle bietet in Seminaren Holotropes Atmen nach Grof an. In ihrer Praxis arbeitet sie nach der Methode der prozessorientierten Atem- und K\u00f6rpertherapie, Gestalt- und Kunsttherapie. <a href=\"https:\/\/domicilium.de\/zen-spiritualitaet-bildung\/dozenten\/gisela-moehle\/\">mehr<\/a><\/p>\t\t\t\t\t\t\n\t\t\t\t\t<\/div>\n\t\t\t\t<\/div>\n\t\t\t<\/div>\n\t\t<\/div>\n\t\t\n\t\t<\/div><div class=\"elementor-container elementor-column-gap-default\">\t\t\n\t\t\t\t<div class=\"elementor-column elementor-col-50 elementor-top-column elementor-element\" data-element_type=\"column\">\n\t\t\t<div class=\"elementor-widget-wrap elementor-element-populated\">\n\t\t\t\t<div class=\"elementor-element elementor-widget elementor-widget-image\" data-element_type=\"widget\" data-widget_type=\"image.default\">\n\t\t\t\t\t<div class=\"elementor-widget-container\">\n\t\t\t\t\t\t<a href=\"https:\/\/domicilium.de\/zen-spiritualitaet-bildung\/dozenten\/helena-snela\/\"><img decoding=\"async\" src=\"https:\/\/domicilium.de\/zen-spiritualitaet-bildung\/wp-content\/uploads\/sites\/3\/2022\/11\/Helena_Snela.jpg\" class=\"attachment-medium size-medium\" alt=\" Helena Snela\" loading=\"lazy\" width=\"300\" height=\"300\"><\/a>\n\t\t\t\t\t<\/div>\n\t\t\t\t<\/div>\n\t\t\t\t<div class=\"elementor-element elementor-widget elementor-widget-heading\" data-element_type=\"widget\" data-widget_type=\"heading.default\">\n\t\t\t\t\t<div class=\"elementor-widget-container\">\n\t\t\t\t\t\t<h3 class=\"elementor-heading-title elementor-size-default\"> Helena Snela<\/h3>\t\t\n\t\t\t\t\t<\/div>\n\t\t\t\t<\/div>\n\t\t\t\t<div class=\"elementor-element elementor-widget elementor-widget-text-editor\" data-element_type=\"widget\" data-widget_type=\"text-editor.default\">\n\t\t\t\t\t<div class=\"elementor-widget-container\">\n\t\t\t\t\t\t<h5>Zen- und Yoga-Lehrerin, Jin-Shin-Jyutsu-Praktikerin<\/h5>\t\t\t\t\t\t\n\t\t\t\t\t<\/div>\n\t\t\t\t<\/div>\n\t\t\t\t<div class=\"elementor-element elementor-widget elementor-widget-text-editor\" data-element_type=\"widget\" data-widget_type=\"text-editor.default\">\n\t\t\t\t\t<div class=\"elementor-widget-container\">\n\t\t\t\t\t\t<p>Helena Snela ist Yoga-Lehrerin, Jin-Shin-Jyutsu-Praktikerin und Selbsthilfe-Lehrerin sowie Zen-Lehrerin des Sanb\u00f4 Zen. Gemeinsam mit Bogdan Snela gr\u00fcndete sie den Verein Domicilium e.V. und sp\u00e4ter die Domicilium Hospiz-Gemeinschaft, die sie 18 Jahre lang leitete. Sie ist Co-Leiterin und Prozessbegleiterin in der Palliativ-Spirituellen Fortbildung. <a href=\"https:\/\/domicilium.de\/zen-spiritualitaet-bildung\/dozenten\/helena-snela\/\">mehr<\/a><\/p>\t\t\t\t\t\t\n\t\t\t\t\t<\/div>\n\t\t\t\t<\/div>\n\t\t\t<\/div>\n\t\t<\/div>\n\t\t\n\t\t\t\t\n\t\t\t\t<div class=\"elementor-column elementor-col-50 elementor-top-column elementor-element\" data-element_type=\"column\">\n\t\t\t<div class=\"elementor-widget-wrap elementor-element-populated\">\n\t\t\t\t<div class=\"elementor-element elementor-widget elementor-widget-image\" data-element_type=\"widget\" data-widget_type=\"image.default\">\n\t\t\t\t\t<div class=\"elementor-widget-container\">\n\t\t\t\t\t\t<a href=\"https:\/\/domicilium.de\/zen-spiritualitaet-bildung\/dozenten\/monika-snela-deschermaier\/\"><img decoding=\"async\" src=\"https:\/\/domicilium.de\/zen-spiritualitaet-bildung\/wp-content\/uploads\/sites\/3\/2023\/10\/Monika_Snela-Deschermaier_Web_500x500px.jpg\" class=\"attachment-medium size-medium\" alt=\" Monika Snela-Deschermaier\" loading=\"lazy\" width=\"300\" height=\"300\"><\/a>\n\t\t\t\t\t<\/div>\n\t\t\t\t<\/div>\n\t\t\t\t<div class=\"elementor-element elementor-widget elementor-widget-heading\" data-element_type=\"widget\" data-widget_type=\"heading.default\">\n\t\t\t\t\t<div class=\"elementor-widget-container\">\n\t\t\t\t\t\t<h3 class=\"elementor-heading-title elementor-size-default\"> Monika Snela-Deschermaier<\/h3>\t\t\n\t\t\t\t\t<\/div>\n\t\t\t\t<\/div>\n\t\t\t\t<div class=\"elementor-element elementor-widget elementor-widget-text-editor\" data-element_type=\"widget\" data-widget_type=\"text-editor.default\">\n\t\t\t\t\t<div class=\"elementor-widget-container\">\n\t\t\t\t\t\t<h5>Talente- und Pers\u00f6nlichkeitstrainerin<\/h5>\t\t\t\t\t\t\n\t\t\t\t\t<\/div>\n\t\t\t\t<\/div>\n\t\t\t\t<div class=\"elementor-element elementor-widget elementor-widget-text-editor\" data-element_type=\"widget\" data-widget_type=\"text-editor.default\">\n\t\t\t\t\t<div class=\"elementor-widget-container\">\n\t\t\t\t\t\t<p>Monika ist zertifizierte St\u00e4rkentrainerin f\u00fcr Gallup CliftonStrengths und Domicilium Inhouse-Trainerin f\u00fcr den St\u00e4rkenfokus.  <a href=\"https:\/\/domicilium.de\/zen-spiritualitaet-bildung\/dozenten\/monika-snela-deschermaier\/\">mehr<\/a><\/p>\t\t\t\t\t\t\n\t\t\t\t\t<\/div>\n\t\t\t\t<\/div>\n\t\t\t<\/div>\n\t\t<\/div>\n\t\t\n\t\t<\/div><div class=\"elementor-container elementor-column-gap-default\">\t\t\n\t\t\t\t<div class=\"elementor-column elementor-col-50 elementor-top-column elementor-element\" data-element_type=\"column\">\n\t\t\t<div class=\"elementor-widget-wrap elementor-element-populated\">\n\t\t\t\t<div class=\"elementor-element elementor-widget elementor-widget-image\" data-element_type=\"widget\" data-widget_type=\"image.default\">\n\t\t\t\t\t<div class=\"elementor-widget-container\">\n\t\t\t\t\t\t<a href=\"https:\/\/domicilium.de\/zen-spiritualitaet-bildung\/dozenten\/dr-young\/\"><img decoding=\"async\" src=\"https:\/\/domicilium.de\/zen-spiritualitaet-bildung\/wp-content\/uploads\/sites\/3\/2025\/07\/Yong_Web_500x500px.jpg\" class=\"attachment-medium size-medium\" alt=\"Dr.  Young\" loading=\"lazy\" width=\"300\" height=\"300\"><\/a>\n\t\t\t\t\t<\/div>\n\t\t\t\t<\/div>\n\t\t\t\t<div class=\"elementor-element elementor-widget elementor-widget-heading\" data-element_type=\"widget\" data-widget_type=\"heading.default\">\n\t\t\t\t\t<div class=\"elementor-widget-container\">\n\t\t\t\t\t\t<h3 class=\"elementor-heading-title elementor-size-default\">Dr.  Young<\/h3>\t\t\n\t\t\t\t\t<\/div>\n\t\t\t\t<\/div>\n\t\t\t\t<div class=\"elementor-element elementor-widget elementor-widget-text-editor\" data-element_type=\"widget\" data-widget_type=\"text-editor.default\">\n\t\t\t\t\t<div class=\"elementor-widget-container\">\n\t\t\t\t\t\t<h5>Tibetischer Arzt und Lehrer der Traditionellen Tibetischen Medizin<\/h5>\t\t\t\t\t\t\n\t\t\t\t\t<\/div>\n\t\t\t\t<\/div>\n\t\t\t\t<div class=\"elementor-element elementor-widget elementor-widget-text-editor\" data-element_type=\"widget\" data-widget_type=\"text-editor.default\">\n\t\t\t\t\t<div class=\"elementor-widget-container\">\n\t\t\t\t\t\t<p>Young ist Tibetischer Arzt, medizinischer Leiter des Sorigtsang Wellness Centres in Solan\/Himalaya-Region und Dozent am Medizinischen College in Dholanji\/Indien. <a href=\"https:\/\/domicilium.de\/zen-spiritualitaet-bildung\/dozenten\/dr-young\/\">mehr<\/a><\/p>\t\t\t\t\t\t\n\t\t\t\t\t<\/div>\n\t\t\t\t<\/div>\n\t\t\t<\/div>\n\t\t<\/div>\n\t\t\n\t\t\t\t\n\t\t\n\t<\/div>\n\n<\/section> <\/div>\n\t\t\t\t\t\t<\/div>\n\t\t\t\t<\/div>\n\t\t\t\t<div class=\"elementor-element elementor-element-133f082 elementor-widget elementor-widget-spacer\" data-id=\"133f082\" data-element_type=\"widget\" data-widget_type=\"spacer.default\">\n\t\t\t\t<div class=\"elementor-widget-container\">\n\t\t\t\t\t\t\t<div class=\"elementor-spacer\">\n\t\t\t<div class=\"elementor-spacer-inner\"><\/div>\n\t\t<\/div>\n\t\t\t\t\t\t<\/div>\n\t\t\t\t<\/div>\n\t\t\t\t\t<\/div>\n\t\t<\/div>\n\t\t\t\t\t<\/div>\n\t\t<\/section>\n\t\t\t\t<section class=\"elementor-section elementor-top-section elementor-element elementor-element-fe1e0c7 elementor-section-boxed elementor-section-height-default elementor-section-height-default\" data-id=\"fe1e0c7\" data-element_type=\"section\">\n\t\t\t\t\t\t<div class=\"elementor-container elementor-column-gap-default\">\n\t\t\t\t\t<div class=\"elementor-column elementor-col-100 elementor-top-column elementor-element elementor-element-f970ac3\" data-id=\"f970ac3\" data-element_type=\"column\">\n\t\t\t<div class=\"elementor-widget-wrap elementor-element-populated\">\n\t\t\t\t\t\t<section class=\"elementor-section elementor-inner-section elementor-element elementor-element-c6fb501 elementor-section-boxed elementor-section-height-default elementor-section-height-default\" data-id=\"c6fb501\" data-element_type=\"section\">\n\t\t\t\t\t\t<div class=\"elementor-container elementor-column-gap-default\">\n\t\t\t\t\t<div class=\"elementor-column elementor-col-100 elementor-inner-column elementor-element elementor-element-1f201f4\" data-id=\"1f201f4\" data-element_type=\"column\">\n\t\t\t<div class=\"elementor-widget-wrap\">\n\t\t\t\t\t\t\t<\/div>\n\t\t<\/div>\n\t\t\t\t\t<\/div>\n\t\t<\/section>\n\t\t\t\t\t<\/div>\n\t\t<\/div>\n\t\t\t\t\t<\/div>\n\t\t<\/section>\n\t\t\t\t<\/div>\n\t\t","protected":false},"excerpt":{"rendered":"<p>Atem, K\u00f6rper, inneres Erforschen, Pers\u00f6nlichkeitsentfaltung \u2013 unsere Kursleiterinnen und Kursleiter gehen in die Tiefe.<\/p>\n","protected":false},"author":5,"featured_media":8492,"comment_status":"closed","ping_status":"closed","sticky":false,"template":"","format":"standard","meta":{"_acf_changed":false,"_mo_disable_npp":"","inline_featured_image":false,"_lmt_disableupdate":"","_lmt_disable":"","footnotes":""},"categories":[83],"tags":[],"class_list":["post-8877","post","type-post","status-publish","format-standard","has-post-thumbnail","hentry","category-persoenlichkeitsbildung"],"acf":[],"yoast_head":"<!-- This site is optimized with the Yoast SEO plugin v27.3 - https:\/\/yoast.com\/product\/yoast-seo-wordpress\/ -->\n<title>Kursleiterinnen und Kursleiter f\u00fcr die Pers\u00f6nlichkeitsbildung - Zen, Spiritualit\u00e4t und Bildung \u00b7 Domicilium Weyarn<\/title>\n<meta name=\"robots\" content=\"index, follow, max-snippet:-1, max-image-preview:large, max-video-preview:-1\" \/>\n<link rel=\"canonical\" href=\"https:\/\/domicilium.de\/zen-spiritualitaet-bildung\/dozentinnen-und-dozenten-zur-persoenlichkeitsbildung\/\" \/>\n<meta property=\"og:locale\" content=\"de_DE\" \/>\n<meta property=\"og:type\" content=\"article\" \/>\n<meta property=\"og:title\" content=\"Kursleiterinnen und Kursleiter f\u00fcr die Pers\u00f6nlichkeitsbildung - Zen, Spiritualit\u00e4t und Bildung \u00b7 Domicilium Weyarn\" \/>\n<meta property=\"og:description\" content=\"Atem, K\u00f6rper, inneres Erforschen, Pers\u00f6nlichkeitsentfaltung \u2013 unsere Kursleiterinnen und Kursleiter gehen in die Tiefe.\" \/>\n<meta property=\"og:url\" content=\"https:\/\/domicilium.de\/zen-spiritualitaet-bildung\/dozentinnen-und-dozenten-zur-persoenlichkeitsbildung\/\" \/>\n<meta property=\"og:site_name\" content=\"Zen, Spiritualit\u00e4t und Bildung \u00b7 Domicilium Weyarn\" \/>\n<meta property=\"article:publisher\" content=\"https:\/\/www.facebook.com\/Domicilium.eV\" \/>\n<meta property=\"article:published_time\" content=\"2023-04-17T14:09:17+00:00\" \/>\n<meta property=\"article:modified_time\" content=\"2023-09-04T17:19:02+00:00\" \/>\n<meta property=\"og:image\" content=\"https:\/\/domicilium.de\/zen-spiritualitaet-bildung\/wp-content\/uploads\/sites\/3\/2023\/03\/Kurs_Trauerbegleitung_01.jpg\" \/>\n\t<meta property=\"og:image:width\" content=\"1000\" \/>\n\t<meta property=\"og:image:height\" content=\"668\" \/>\n\t<meta property=\"og:image:type\" content=\"image\/jpeg\" \/>\n<meta name=\"author\" content=\"Michael Scheibel\" \/>\n<meta name=\"twitter:card\" content=\"summary_large_image\" \/>\n<meta name=\"twitter:label1\" content=\"Geschrieben von\" \/>\n\t<meta name=\"twitter:data1\" content=\"Michael Scheibel\" \/>\n\t<meta name=\"twitter:label2\" content=\"Gesch\u00e4tzte Lesezeit\" \/>\n\t<meta name=\"twitter:data2\" content=\"8\u00a0Minuten\" \/>\n<script type=\"application\/ld+json\" class=\"yoast-schema-graph\">{\"@context\":\"https:\\\/\\\/schema.org\",\"@graph\":[{\"@type\":\"Article\",\"@id\":\"https:\\\/\\\/domicilium.de\\\/zen-spiritualitaet-bildung\\\/dozentinnen-und-dozenten-zur-persoenlichkeitsbildung\\\/#article\",\"isPartOf\":{\"@id\":\"https:\\\/\\\/domicilium.de\\\/zen-spiritualitaet-bildung\\\/dozentinnen-und-dozenten-zur-persoenlichkeitsbildung\\\/\"},\"author\":{\"name\":\"Michael Scheibel\",\"@id\":\"https:\\\/\\\/domicilium.de\\\/zen-spiritualitaet-bildung\\\/#\\\/schema\\\/person\\\/41bb1e327dd81bebb626bebc79fd0e06\"},\"headline\":\"Kursleiterinnen und Kursleiter f\u00fcr die Pers\u00f6nlichkeitsbildung\",\"datePublished\":\"2023-04-17T14:09:17+00:00\",\"dateModified\":\"2023-09-04T17:19:02+00:00\",\"mainEntityOfPage\":{\"@id\":\"https:\\\/\\\/domicilium.de\\\/zen-spiritualitaet-bildung\\\/dozentinnen-und-dozenten-zur-persoenlichkeitsbildung\\\/\"},\"wordCount\":21,\"publisher\":{\"@id\":\"https:\\\/\\\/domicilium.de\\\/zen-spiritualitaet-bildung\\\/#organization\"},\"image\":{\"@id\":\"https:\\\/\\\/domicilium.de\\\/zen-spiritualitaet-bildung\\\/dozentinnen-und-dozenten-zur-persoenlichkeitsbildung\\\/#primaryimage\"},\"thumbnailUrl\":\"https:\\\/\\\/domicilium.de\\\/zen-spiritualitaet-bildung\\\/wp-content\\\/uploads\\\/sites\\\/3\\\/2023\\\/03\\\/Kurs_Trauerbegleitung_01.jpg\",\"articleSection\":[\"Pers\u00f6nlichkeitsbildung\"],\"inLanguage\":\"de\"},{\"@type\":\"WebPage\",\"@id\":\"https:\\\/\\\/domicilium.de\\\/zen-spiritualitaet-bildung\\\/dozentinnen-und-dozenten-zur-persoenlichkeitsbildung\\\/\",\"url\":\"https:\\\/\\\/domicilium.de\\\/zen-spiritualitaet-bildung\\\/dozentinnen-und-dozenten-zur-persoenlichkeitsbildung\\\/\",\"name\":\"Kursleiterinnen und Kursleiter f\u00fcr die Pers\u00f6nlichkeitsbildung - Zen, Spiritualit\u00e4t und Bildung \u00b7 Domicilium Weyarn\",\"isPartOf\":{\"@id\":\"https:\\\/\\\/domicilium.de\\\/zen-spiritualitaet-bildung\\\/#website\"},\"primaryImageOfPage\":{\"@id\":\"https:\\\/\\\/domicilium.de\\\/zen-spiritualitaet-bildung\\\/dozentinnen-und-dozenten-zur-persoenlichkeitsbildung\\\/#primaryimage\"},\"image\":{\"@id\":\"https:\\\/\\\/domicilium.de\\\/zen-spiritualitaet-bildung\\\/dozentinnen-und-dozenten-zur-persoenlichkeitsbildung\\\/#primaryimage\"},\"thumbnailUrl\":\"https:\\\/\\\/domicilium.de\\\/zen-spiritualitaet-bildung\\\/wp-content\\\/uploads\\\/sites\\\/3\\\/2023\\\/03\\\/Kurs_Trauerbegleitung_01.jpg\",\"datePublished\":\"2023-04-17T14:09:17+00:00\",\"dateModified\":\"2023-09-04T17:19:02+00:00\",\"breadcrumb\":{\"@id\":\"https:\\\/\\\/domicilium.de\\\/zen-spiritualitaet-bildung\\\/dozentinnen-und-dozenten-zur-persoenlichkeitsbildung\\\/#breadcrumb\"},\"inLanguage\":\"de\",\"potentialAction\":[{\"@type\":\"ReadAction\",\"target\":[\"https:\\\/\\\/domicilium.de\\\/zen-spiritualitaet-bildung\\\/dozentinnen-und-dozenten-zur-persoenlichkeitsbildung\\\/\"]}]},{\"@type\":\"ImageObject\",\"inLanguage\":\"de\",\"@id\":\"https:\\\/\\\/domicilium.de\\\/zen-spiritualitaet-bildung\\\/dozentinnen-und-dozenten-zur-persoenlichkeitsbildung\\\/#primaryimage\",\"url\":\"https:\\\/\\\/domicilium.de\\\/zen-spiritualitaet-bildung\\\/wp-content\\\/uploads\\\/sites\\\/3\\\/2023\\\/03\\\/Kurs_Trauerbegleitung_01.jpg\",\"contentUrl\":\"https:\\\/\\\/domicilium.de\\\/zen-spiritualitaet-bildung\\\/wp-content\\\/uploads\\\/sites\\\/3\\\/2023\\\/03\\\/Kurs_Trauerbegleitung_01.jpg\",\"width\":1000,\"height\":668,\"caption\":\"Teilnehmende in einem Seminar\"},{\"@type\":\"BreadcrumbList\",\"@id\":\"https:\\\/\\\/domicilium.de\\\/zen-spiritualitaet-bildung\\\/dozentinnen-und-dozenten-zur-persoenlichkeitsbildung\\\/#breadcrumb\",\"itemListElement\":[{\"@type\":\"ListItem\",\"position\":1,\"name\":\"Startseite\",\"item\":\"https:\\\/\\\/domicilium.de\\\/zen-spiritualitaet-bildung\\\/\"},{\"@type\":\"ListItem\",\"position\":2,\"name\":\"Kursleiterinnen und Kursleiter f\u00fcr die Pers\u00f6nlichkeitsbildung\"}]},{\"@type\":\"WebSite\",\"@id\":\"https:\\\/\\\/domicilium.de\\\/zen-spiritualitaet-bildung\\\/#website\",\"url\":\"https:\\\/\\\/domicilium.de\\\/zen-spiritualitaet-bildung\\\/\",\"name\":\"Zen, Spiritualit\u00e4t und Bildung \u00b7 Domicilium Weyarn\",\"description\":\"Kursangebote und Buchungsoptionen f\u00fcr unsere Kurse\",\"publisher\":{\"@id\":\"https:\\\/\\\/domicilium.de\\\/zen-spiritualitaet-bildung\\\/#organization\"},\"potentialAction\":[{\"@type\":\"SearchAction\",\"target\":{\"@type\":\"EntryPoint\",\"urlTemplate\":\"https:\\\/\\\/domicilium.de\\\/zen-spiritualitaet-bildung\\\/?s={search_term_string}\"},\"query-input\":{\"@type\":\"PropertyValueSpecification\",\"valueRequired\":true,\"valueName\":\"search_term_string\"}}],\"inLanguage\":\"de\"},{\"@type\":\"Organization\",\"@id\":\"https:\\\/\\\/domicilium.de\\\/zen-spiritualitaet-bildung\\\/#organization\",\"name\":\"Domicilium Weyarn\",\"url\":\"https:\\\/\\\/domicilium.de\\\/zen-spiritualitaet-bildung\\\/\",\"logo\":{\"@type\":\"ImageObject\",\"inLanguage\":\"de\",\"@id\":\"https:\\\/\\\/domicilium.de\\\/zen-spiritualitaet-bildung\\\/#\\\/schema\\\/logo\\\/image\\\/\",\"url\":\"https:\\\/\\\/domicilium.de\\\/zen-spiritualitaet-bildung\\\/wp-content\\\/uploads\\\/sites\\\/3\\\/2023\\\/05\\\/domicilium-zentrum-fuer-zen-spiritualitaet-und-bildung-logo.png\",\"contentUrl\":\"https:\\\/\\\/domicilium.de\\\/zen-spiritualitaet-bildung\\\/wp-content\\\/uploads\\\/sites\\\/3\\\/2023\\\/05\\\/domicilium-zentrum-fuer-zen-spiritualitaet-und-bildung-logo.png\",\"width\":805,\"height\":183,\"caption\":\"Domicilium Weyarn\"},\"image\":{\"@id\":\"https:\\\/\\\/domicilium.de\\\/zen-spiritualitaet-bildung\\\/#\\\/schema\\\/logo\\\/image\\\/\"},\"sameAs\":[\"https:\\\/\\\/www.facebook.com\\\/Domicilium.eV\",\"https:\\\/\\\/www.instagram.com\\\/domicilium_weyarn\\\/\"]},{\"@type\":\"Person\",\"@id\":\"https:\\\/\\\/domicilium.de\\\/zen-spiritualitaet-bildung\\\/#\\\/schema\\\/person\\\/41bb1e327dd81bebb626bebc79fd0e06\",\"name\":\"Michael Scheibel\",\"image\":{\"@type\":\"ImageObject\",\"inLanguage\":\"de\",\"@id\":\"https:\\\/\\\/secure.gravatar.com\\\/avatar\\\/602ed13162c821523d35d34a5f7a1a164aa632e504636918ce1891ef4732d18f?s=96&d=mm&r=g\",\"url\":\"https:\\\/\\\/secure.gravatar.com\\\/avatar\\\/602ed13162c821523d35d34a5f7a1a164aa632e504636918ce1891ef4732d18f?s=96&d=mm&r=g\",\"contentUrl\":\"https:\\\/\\\/secure.gravatar.com\\\/avatar\\\/602ed13162c821523d35d34a5f7a1a164aa632e504636918ce1891ef4732d18f?s=96&d=mm&r=g\",\"caption\":\"Michael Scheibel\"},\"description\":\"Lorem ipsum dolor sit amet, consetetur sadipscing elitr, sed diam nonumy eirmod tempor invidunt ut labore et dolore magna aliquyam erat, sed diam voluptua. At vero eos et accusam et justo duo dolores et ea rebum. Stet clita kasd gubergren, no sea takimata sanctus est Lorem ipsum dolor sit amet. Lorem ipsum dolor sit amet, consetetur sadipscing elitr, sed diam nonumy eirmod tempor invidunt ut labore et dolore magna aliquyam erat, sed diam voluptua. At vero eos et accusam et justo duo dolores et ea rebum. Stet clita kasd gubergren, no sea takimata sanctus est Lorem ipsum dolor sit amet.\",\"url\":\"https:\\\/\\\/domicilium.de\\\/zen-spiritualitaet-bildung\\\/author\\\/michael-dom\\\/\"}]}<\/script>\n<!-- \/ Yoast SEO plugin. -->","yoast_head_json":{"title":"Kursleiterinnen und Kursleiter f\u00fcr die Pers\u00f6nlichkeitsbildung - Zen, Spiritualit\u00e4t und Bildung \u00b7 Domicilium Weyarn","robots":{"index":"index","follow":"follow","max-snippet":"max-snippet:-1","max-image-preview":"max-image-preview:large","max-video-preview":"max-video-preview:-1"},"canonical":"https:\/\/domicilium.de\/zen-spiritualitaet-bildung\/dozentinnen-und-dozenten-zur-persoenlichkeitsbildung\/","og_locale":"de_DE","og_type":"article","og_title":"Kursleiterinnen und Kursleiter f\u00fcr die Pers\u00f6nlichkeitsbildung - Zen, Spiritualit\u00e4t und Bildung \u00b7 Domicilium Weyarn","og_description":"Atem, K\u00f6rper, inneres Erforschen, Pers\u00f6nlichkeitsentfaltung \u2013 unsere Kursleiterinnen und Kursleiter gehen in die Tiefe.","og_url":"https:\/\/domicilium.de\/zen-spiritualitaet-bildung\/dozentinnen-und-dozenten-zur-persoenlichkeitsbildung\/","og_site_name":"Zen, Spiritualit\u00e4t und Bildung \u00b7 Domicilium Weyarn","article_publisher":"https:\/\/www.facebook.com\/Domicilium.eV","article_published_time":"2023-04-17T14:09:17+00:00","article_modified_time":"2023-09-04T17:19:02+00:00","og_image":[{"width":1000,"height":668,"url":"https:\/\/domicilium.de\/zen-spiritualitaet-bildung\/wp-content\/uploads\/sites\/3\/2023\/03\/Kurs_Trauerbegleitung_01.jpg","type":"image\/jpeg"}],"author":"Michael Scheibel","twitter_card":"summary_large_image","twitter_misc":{"Geschrieben von":"Michael Scheibel","Gesch\u00e4tzte Lesezeit":"8\u00a0Minuten"},"schema":{"@context":"https:\/\/schema.org","@graph":[{"@type":"Article","@id":"https:\/\/domicilium.de\/zen-spiritualitaet-bildung\/dozentinnen-und-dozenten-zur-persoenlichkeitsbildung\/#article","isPartOf":{"@id":"https:\/\/domicilium.de\/zen-spiritualitaet-bildung\/dozentinnen-und-dozenten-zur-persoenlichkeitsbildung\/"},"author":{"name":"Michael Scheibel","@id":"https:\/\/domicilium.de\/zen-spiritualitaet-bildung\/#\/schema\/person\/41bb1e327dd81bebb626bebc79fd0e06"},"headline":"Kursleiterinnen und Kursleiter f\u00fcr die Pers\u00f6nlichkeitsbildung","datePublished":"2023-04-17T14:09:17+00:00","dateModified":"2023-09-04T17:19:02+00:00","mainEntityOfPage":{"@id":"https:\/\/domicilium.de\/zen-spiritualitaet-bildung\/dozentinnen-und-dozenten-zur-persoenlichkeitsbildung\/"},"wordCount":21,"publisher":{"@id":"https:\/\/domicilium.de\/zen-spiritualitaet-bildung\/#organization"},"image":{"@id":"https:\/\/domicilium.de\/zen-spiritualitaet-bildung\/dozentinnen-und-dozenten-zur-persoenlichkeitsbildung\/#primaryimage"},"thumbnailUrl":"https:\/\/domicilium.de\/zen-spiritualitaet-bildung\/wp-content\/uploads\/sites\/3\/2023\/03\/Kurs_Trauerbegleitung_01.jpg","articleSection":["Pers\u00f6nlichkeitsbildung"],"inLanguage":"de"},{"@type":"WebPage","@id":"https:\/\/domicilium.de\/zen-spiritualitaet-bildung\/dozentinnen-und-dozenten-zur-persoenlichkeitsbildung\/","url":"https:\/\/domicilium.de\/zen-spiritualitaet-bildung\/dozentinnen-und-dozenten-zur-persoenlichkeitsbildung\/","name":"Kursleiterinnen und Kursleiter f\u00fcr die Pers\u00f6nlichkeitsbildung - Zen, Spiritualit\u00e4t und Bildung \u00b7 Domicilium Weyarn","isPartOf":{"@id":"https:\/\/domicilium.de\/zen-spiritualitaet-bildung\/#website"},"primaryImageOfPage":{"@id":"https:\/\/domicilium.de\/zen-spiritualitaet-bildung\/dozentinnen-und-dozenten-zur-persoenlichkeitsbildung\/#primaryimage"},"image":{"@id":"https:\/\/domicilium.de\/zen-spiritualitaet-bildung\/dozentinnen-und-dozenten-zur-persoenlichkeitsbildung\/#primaryimage"},"thumbnailUrl":"https:\/\/domicilium.de\/zen-spiritualitaet-bildung\/wp-content\/uploads\/sites\/3\/2023\/03\/Kurs_Trauerbegleitung_01.jpg","datePublished":"2023-04-17T14:09:17+00:00","dateModified":"2023-09-04T17:19:02+00:00","breadcrumb":{"@id":"https:\/\/domicilium.de\/zen-spiritualitaet-bildung\/dozentinnen-und-dozenten-zur-persoenlichkeitsbildung\/#breadcrumb"},"inLanguage":"de","potentialAction":[{"@type":"ReadAction","target":["https:\/\/domicilium.de\/zen-spiritualitaet-bildung\/dozentinnen-und-dozenten-zur-persoenlichkeitsbildung\/"]}]},{"@type":"ImageObject","inLanguage":"de","@id":"https:\/\/domicilium.de\/zen-spiritualitaet-bildung\/dozentinnen-und-dozenten-zur-persoenlichkeitsbildung\/#primaryimage","url":"https:\/\/domicilium.de\/zen-spiritualitaet-bildung\/wp-content\/uploads\/sites\/3\/2023\/03\/Kurs_Trauerbegleitung_01.jpg","contentUrl":"https:\/\/domicilium.de\/zen-spiritualitaet-bildung\/wp-content\/uploads\/sites\/3\/2023\/03\/Kurs_Trauerbegleitung_01.jpg","width":1000,"height":668,"caption":"Teilnehmende in einem Seminar"},{"@type":"BreadcrumbList","@id":"https:\/\/domicilium.de\/zen-spiritualitaet-bildung\/dozentinnen-und-dozenten-zur-persoenlichkeitsbildung\/#breadcrumb","itemListElement":[{"@type":"ListItem","position":1,"name":"Startseite","item":"https:\/\/domicilium.de\/zen-spiritualitaet-bildung\/"},{"@type":"ListItem","position":2,"name":"Kursleiterinnen und Kursleiter f\u00fcr die Pers\u00f6nlichkeitsbildung"}]},{"@type":"WebSite","@id":"https:\/\/domicilium.de\/zen-spiritualitaet-bildung\/#website","url":"https:\/\/domicilium.de\/zen-spiritualitaet-bildung\/","name":"Zen, Spiritualit\u00e4t und Bildung \u00b7 Domicilium Weyarn","description":"Kursangebote und Buchungsoptionen f\u00fcr unsere Kurse","publisher":{"@id":"https:\/\/domicilium.de\/zen-spiritualitaet-bildung\/#organization"},"potentialAction":[{"@type":"SearchAction","target":{"@type":"EntryPoint","urlTemplate":"https:\/\/domicilium.de\/zen-spiritualitaet-bildung\/?s={search_term_string}"},"query-input":{"@type":"PropertyValueSpecification","valueRequired":true,"valueName":"search_term_string"}}],"inLanguage":"de"},{"@type":"Organization","@id":"https:\/\/domicilium.de\/zen-spiritualitaet-bildung\/#organization","name":"Domicilium Weyarn","url":"https:\/\/domicilium.de\/zen-spiritualitaet-bildung\/","logo":{"@type":"ImageObject","inLanguage":"de","@id":"https:\/\/domicilium.de\/zen-spiritualitaet-bildung\/#\/schema\/logo\/image\/","url":"https:\/\/domicilium.de\/zen-spiritualitaet-bildung\/wp-content\/uploads\/sites\/3\/2023\/05\/domicilium-zentrum-fuer-zen-spiritualitaet-und-bildung-logo.png","contentUrl":"https:\/\/domicilium.de\/zen-spiritualitaet-bildung\/wp-content\/uploads\/sites\/3\/2023\/05\/domicilium-zentrum-fuer-zen-spiritualitaet-und-bildung-logo.png","width":805,"height":183,"caption":"Domicilium Weyarn"},"image":{"@id":"https:\/\/domicilium.de\/zen-spiritualitaet-bildung\/#\/schema\/logo\/image\/"},"sameAs":["https:\/\/www.facebook.com\/Domicilium.eV","https:\/\/www.instagram.com\/domicilium_weyarn\/"]},{"@type":"Person","@id":"https:\/\/domicilium.de\/zen-spiritualitaet-bildung\/#\/schema\/person\/41bb1e327dd81bebb626bebc79fd0e06","name":"Michael Scheibel","image":{"@type":"ImageObject","inLanguage":"de","@id":"https:\/\/secure.gravatar.com\/avatar\/602ed13162c821523d35d34a5f7a1a164aa632e504636918ce1891ef4732d18f?s=96&d=mm&r=g","url":"https:\/\/secure.gravatar.com\/avatar\/602ed13162c821523d35d34a5f7a1a164aa632e504636918ce1891ef4732d18f?s=96&d=mm&r=g","contentUrl":"https:\/\/secure.gravatar.com\/avatar\/602ed13162c821523d35d34a5f7a1a164aa632e504636918ce1891ef4732d18f?s=96&d=mm&r=g","caption":"Michael Scheibel"},"description":"Lorem ipsum dolor sit amet, consetetur sadipscing elitr, sed diam nonumy eirmod tempor invidunt ut labore et dolore magna aliquyam erat, sed diam voluptua. At vero eos et accusam et justo duo dolores et ea rebum. Stet clita kasd gubergren, no sea takimata sanctus est Lorem ipsum dolor sit amet. Lorem ipsum dolor sit amet, consetetur sadipscing elitr, sed diam nonumy eirmod tempor invidunt ut labore et dolore magna aliquyam erat, sed diam voluptua. At vero eos et accusam et justo duo dolores et ea rebum. Stet clita kasd gubergren, no sea takimata sanctus est Lorem ipsum dolor sit amet.","url":"https:\/\/domicilium.de\/zen-spiritualitaet-bildung\/author\/michael-dom\/"}]}},"modified_by":"Michael Scheibel","_links":{"self":[{"href":"https:\/\/domicilium.de\/zen-spiritualitaet-bildung\/wp-json\/wp\/v2\/posts\/8877","targetHints":{"allow":["GET"]}}],"collection":[{"href":"https:\/\/domicilium.de\/zen-spiritualitaet-bildung\/wp-json\/wp\/v2\/posts"}],"about":[{"href":"https:\/\/domicilium.de\/zen-spiritualitaet-bildung\/wp-json\/wp\/v2\/types\/post"}],"author":[{"embeddable":true,"href":"https:\/\/domicilium.de\/zen-spiritualitaet-bildung\/wp-json\/wp\/v2\/users\/5"}],"replies":[{"embeddable":true,"href":"https:\/\/domicilium.de\/zen-spiritualitaet-bildung\/wp-json\/wp\/v2\/comments?post=8877"}],"version-history":[{"count":10,"href":"https:\/\/domicilium.de\/zen-spiritualitaet-bildung\/wp-json\/wp\/v2\/posts\/8877\/revisions"}],"predecessor-version":[{"id":13073,"href":"https:\/\/domicilium.de\/zen-spiritualitaet-bildung\/wp-json\/wp\/v2\/posts\/8877\/revisions\/13073"}],"wp:featuredmedia":[{"embeddable":true,"href":"https:\/\/domicilium.de\/zen-spiritualitaet-bildung\/wp-json\/wp\/v2\/media\/8492"}],"wp:attachment":[{"href":"https:\/\/domicilium.de\/zen-spiritualitaet-bildung\/wp-json\/wp\/v2\/media?parent=8877"}],"wp:term":[{"taxonomy":"category","embeddable":true,"href":"https:\/\/domicilium.de\/zen-spiritualitaet-bildung\/wp-json\/wp\/v2\/categories?post=8877"},{"taxonomy":"post_tag","embeddable":true,"href":"https:\/\/domicilium.de\/zen-spiritualitaet-bildung\/wp-json\/wp\/v2\/tags?post=8877"}],"curies":[{"name":"wp","href":"https:\/\/api.w.org\/{rel}","templated":true}]}}