{"id":11867,"date":"2023-07-24T13:25:10","date_gmt":"2023-07-24T11:25:10","guid":{"rendered":"https:\/\/domicilium.de\/zen-spiritualitaet-bildung\/?p=11867"},"modified":"2023-10-18T17:12:38","modified_gmt":"2023-10-18T15:12:38","slug":"im-einklang-leben","status":"publish","type":"post","link":"https:\/\/domicilium.de\/zen-spiritualitaet-bildung\/im-einklang-leben\/","title":{"rendered":"Im Einklang leben"},"content":{"rendered":"\t\t<div data-elementor-type=\"wp-post\" data-elementor-id=\"11867\" class=\"elementor elementor-11867\" data-elementor-post-type=\"post\">\n\t\t\t\t\t\t<section class=\"elementor-section elementor-top-section elementor-element elementor-element-26ce547 elementor-section-boxed elementor-section-height-default elementor-section-height-default\" data-id=\"26ce547\" data-element_type=\"section\">\n\t\t\t\t\t\t<div class=\"elementor-container elementor-column-gap-wider\">\n\t\t\t\t\t<div class=\"elementor-column elementor-col-100 elementor-top-column elementor-element elementor-element-f31d5dc\" data-id=\"f31d5dc\" data-element_type=\"column\">\n\t\t\t<div class=\"elementor-widget-wrap elementor-element-populated\">\n\t\t\t\t\t\t<div class=\"elementor-element elementor-element-8c00b0f elementor-widget elementor-widget-text-editor\" data-id=\"8c00b0f\" data-element_type=\"widget\" data-widget_type=\"text-editor.default\">\n\t\t\t\t<div class=\"elementor-widget-container\">\n\t\t\t\t\t\t\t\t\t<p>Buchempfehlung<\/p>\t\t\t\t\t\t\t\t<\/div>\n\t\t\t\t<\/div>\n\t\t\t\t\t<\/div>\n\t\t<\/div>\n\t\t\t\t\t<\/div>\n\t\t<\/section>\n\t\t\t\t<section class=\"elementor-section elementor-top-section elementor-element elementor-element-5231565 elementor-section-boxed elementor-section-height-default elementor-section-height-default\" data-id=\"5231565\" data-element_type=\"section\">\n\t\t\t\t\t\t<div class=\"elementor-container elementor-column-gap-default\">\n\t\t\t\t\t<div class=\"elementor-column elementor-col-100 elementor-top-column elementor-element elementor-element-d89be74\" data-id=\"d89be74\" data-element_type=\"column\">\n\t\t\t<div class=\"elementor-widget-wrap elementor-element-populated\">\n\t\t\t\t\t\t<div class=\"elementor-element elementor-element-4b4e6c1 elementor-widget elementor-widget-text-editor\" data-id=\"4b4e6c1\" data-element_type=\"widget\" data-widget_type=\"text-editor.default\">\n\t\t\t\t<div class=\"elementor-widget-container\">\n\t\t\t\t\t\t\t\t\t<h1>Im Einklang leben<\/h1>\t\t\t\t\t\t\t\t<\/div>\n\t\t\t\t<\/div>\n\t\t\t\t\t<\/div>\n\t\t<\/div>\n\t\t\t\t\t<\/div>\n\t\t<\/section>\n\t\t\t\t<section class=\"elementor-section elementor-top-section elementor-element elementor-element-5260470 elementor-section-boxed elementor-section-height-default elementor-section-height-default\" data-id=\"5260470\" data-element_type=\"section\">\n\t\t\t\t\t\t<div class=\"elementor-container elementor-column-gap-default\">\n\t\t\t\t\t<div class=\"elementor-column elementor-col-100 elementor-top-column elementor-element elementor-element-32ec8f2\" data-id=\"32ec8f2\" data-element_type=\"column\">\n\t\t\t<div class=\"elementor-widget-wrap elementor-element-populated\">\n\t\t\t\t\t\t<div class=\"elementor-element elementor-element-5f2c328 elementor-widget elementor-widget-text-editor\" data-id=\"5f2c328\" data-element_type=\"widget\" data-widget_type=\"text-editor.default\">\n\t\t\t\t<div class=\"elementor-widget-container\">\n\t\t\t\t\t\t\t\t\t<h5>Spirituelle Grundhaltungen und Alltag<\/h5><h5><em>von Richard Stiegler<br \/><\/em><\/h5>\t\t\t\t\t\t\t\t<\/div>\n\t\t\t\t<\/div>\n\t\t\t\t\t<\/div>\n\t\t<\/div>\n\t\t\t\t\t<\/div>\n\t\t<\/section>\n\t\t\t\t<section class=\"elementor-section elementor-top-section elementor-element elementor-element-f14a16b elementor-section-boxed elementor-section-height-default elementor-section-height-default\" data-id=\"f14a16b\" data-element_type=\"section\">\n\t\t\t\t\t\t<div class=\"elementor-container elementor-column-gap-default\">\n\t\t\t\t\t<div class=\"elementor-column elementor-col-100 elementor-top-column elementor-element elementor-element-77b49e5\" data-id=\"77b49e5\" data-element_type=\"column\">\n\t\t\t<div class=\"elementor-widget-wrap elementor-element-populated\">\n\t\t\t\t\t\t<section class=\"elementor-section elementor-inner-section elementor-element elementor-element-ebbb5c7 elementor-section-boxed elementor-section-height-default elementor-section-height-default\" data-id=\"ebbb5c7\" data-element_type=\"section\">\n\t\t\t\t\t\t<div class=\"elementor-container elementor-column-gap-default\">\n\t\t\t\t\t<div class=\"elementor-column elementor-col-50 elementor-inner-column elementor-element elementor-element-994dba0\" data-id=\"994dba0\" data-element_type=\"column\">\n\t\t\t<div class=\"elementor-widget-wrap elementor-element-populated\">\n\t\t\t\t\t\t<div class=\"elementor-element elementor-element-423bf39 elementor-widget elementor-widget-image\" data-id=\"423bf39\" data-element_type=\"widget\" data-widget_type=\"image.default\">\n\t\t\t\t<div class=\"elementor-widget-container\">\n\t\t\t\t\t\t\t\t\t\t\t\t\t\t\t<img loading=\"lazy\" decoding=\"async\" width=\"300\" height=\"427\" src=\"https:\/\/domicilium.de\/zen-spiritualitaet-bildung\/wp-content\/uploads\/sites\/3\/2023\/07\/Buchvcover_Im_Einklang_leben.jpg\" class=\"attachment-large size-large wp-image-11870\" alt=\"\" srcset=\"https:\/\/domicilium.de\/zen-spiritualitaet-bildung\/wp-content\/uploads\/sites\/3\/2023\/07\/Buchvcover_Im_Einklang_leben.jpg 300w, https:\/\/domicilium.de\/zen-spiritualitaet-bildung\/wp-content\/uploads\/sites\/3\/2023\/07\/Buchvcover_Im_Einklang_leben-211x300.jpg 211w\" sizes=\"auto, (max-width: 300px) 100vw, 300px\" \/>\t\t\t\t\t\t\t\t\t\t\t\t\t\t\t<\/div>\n\t\t\t\t<\/div>\n\t\t\t\t\t<\/div>\n\t\t<\/div>\n\t\t\t\t<div class=\"elementor-column elementor-col-50 elementor-inner-column elementor-element elementor-element-d76cf34\" data-id=\"d76cf34\" data-element_type=\"column\">\n\t\t\t<div class=\"elementor-widget-wrap elementor-element-populated\">\n\t\t\t\t\t\t<div class=\"elementor-element elementor-element-9eb412a elementor-widget elementor-widget-text-editor\" data-id=\"9eb412a\" data-element_type=\"widget\" data-widget_type=\"text-editor.default\">\n\t\t\t\t<div class=\"elementor-widget-container\">\n\t\t\t\t\t\t\t\t\t<h4>Das Buch<\/h4><p>Wie oft machen Teilnehmende von buddhistischen Retreats oder christlichen Exerzitien die Erfahrung, dass die Stille und der innere Frieden, der sich w\u00e4hrend dieser Zeit einstellt, innerhalb k\u00fcrzester Zeit verschwindet, sobald sie wieder in ihrem Alltag angekommen sind. Solche Auszeiten bieten R\u00e4ume, in denen wir zur Ruhe kommen und uns sinken lassen k\u00f6nnen. Wir betreten dabei oftmals v\u00f6llig neue innere R\u00e4ume. Doch in dem Moment, wenn wir die T\u00fcr des Meditationshauses oder des Klosters durchschreiten, um in unser Alltagsleben zur\u00fcckzukehren, fallen wir in alte Muster zur\u00fcck. So entstehen nicht selten zwei Welten: die Welt des Zur\u00fcckgezogenseins, in der wir uns auf uns selbst besinnen k\u00f6nnen, und die \u201ewirkliche\u201c Welt, in der wir funktionieren m\u00fcssen.<\/p><p>Aber wie lassen sich die Qualit\u00e4ten und Einsichten, die wir in der Meditation erfahren haben, in den Alltag hineintragen? Wie k\u00f6nnen die Fr\u00fcchte der meditativen Praxis das t\u00e4gliche Leben bereichern? Wie k\u00f6nnen uns die in der Meditation gewonnenen Eigenschaften durchweg zur Verf\u00fcgung stehen? Diesen Fragen widmet sich der erfahrene Meditationslehrer Richard Stiegler in seinem Buch \u201eIm Einklang leben \u2013 Spirituelle Grundhaltungen und Alltag\u201c, in dem er aufzeigt, wie wir unser allt\u00e4gliches Leben mehr und mehr in Einklang mit unserem wahren Selbst bringen k\u00f6nnen.<\/p><p>Einen spirituellen Weg zu gehen, bedeutet nicht nur, sich in einen inneren Raum der Stille zur\u00fcckzuziehen. So wesentlich dieser Weg der Innerlichkeit f\u00fcr die pers\u00f6nliche Reifung ist, endet er doch schnell, wenn das \u00e4u\u00dfere Leben seine Aufmerksamkeit einfordert. Die Herausforderung ist es, einen Weg zu finden, aus der inneren Erfahrung heraus im Alltag zu leben. Richard Stiegler macht deutlich, was es bedeutet, wenn diese Erfahrungen das innere und \u00e4u\u00dfere Lebens durchdringen und zu Grundhaltungen unseres Lebens werden. F\u00fcnf zentrale spirituelle Grundhaltungen stehen dabei im Zentrum seiner Beschreibung: Pr\u00e4senz, Annahme, Offensein, Einssein und innere F\u00fchrung.<\/p><p>Stiegler legt in f\u00fcnf gleichnamigen Kapiteln dar, wie diese Grundhaltungen f\u00fcr unseren Alltag relevant werden und die Kraft entfalten k\u00f6nnen, unser Leben zu verwandeln. Dabei bleibt er immer nah an der Lebenswirklichkeit, indem er Themen des Alltags aufgreift und diese von der spirituellen Seite aus beleuchtet. Wichtige Impulse und Anregungen, die zum Experimentieren und Reflektieren einladen, gibt der Autor am Ende jedes Abschnittes. In diesen \u00dcbungen werden die Alltagsbez\u00fcge der spirituellen Grundhaltungen besonders konkret. So wird dieses Buch zu einem tiefsinnigen Leitfaden f\u00fcr ein spirituelles Leben in all unseren Lebensbez\u00fcgen.<\/p><p>Die gro\u00dfe Ver\u00e4nderung auf dem spirituellen Pfad ist f\u00fcr Stiegler die Metamorphose unserer gesamten Pers\u00f6nlichkeit. Erst wenn die spirituellen Grundhaltungen verinnerlicht und nach au\u00dfen hin verk\u00f6rpert werden, wird unser Leben Ausdruck inneren Friedens sein, der in die Welt hineinstrahlen kann. So endet sein Buch mit der hoffnungsvollen Aussicht eines Franz von Assisi, dass wir Werkzeuge des Friedens werden k\u00f6nnen.<\/p>\t\t\t\t\t\t\t\t<\/div>\n\t\t\t\t<\/div>\n\t\t\t\t<div class=\"elementor-element elementor-element-3103cca elementor-widget elementor-widget-text-editor\" data-id=\"3103cca\" data-element_type=\"widget\" data-widget_type=\"text-editor.default\">\n\t\t\t\t<div class=\"elementor-widget-container\">\n\t\t\t\t\t\t\t\t\t<h4>\u00dcber den Autor<\/h4><p>Richard Stiegler ist seit 1988 Heilpraktiker und hatte lange Zeit eine eigene psychotherapeutische Praxis f\u00fcr Einzelbegleitung und Gruppenarbeit. Er ist Buchautor und seit vielen Jahren als Kursleiter f\u00fcr Transpersonale Prozessarbeit und als Meditationslehrer t\u00e4tig. 2001 gr\u00fcndete er eine eigene Schule der Transpersonalen Psychologie, die Schule SEELEundSEIN.<\/p>\t\t\t\t\t\t\t\t<\/div>\n\t\t\t\t<\/div>\n\t\t\t\t<div class=\"elementor-element elementor-element-7897717 elementor-widget elementor-widget-text-editor\" data-id=\"7897717\" data-element_type=\"widget\" data-widget_type=\"text-editor.default\">\n\t\t\t\t<div class=\"elementor-widget-container\">\n\t\t\t\t\t\t\t\t\t<p><a href=\"https:\/\/www.beck-shop.de\/stiegler-einklang-leben\/product\/20405335\" target=\"_blank\" rel=\"noopener\">Buchinformationen und Bestellm\u00f6glichkeiten auf beck-shop.de<\/a><\/p>\t\t\t\t\t\t\t\t<\/div>\n\t\t\t\t<\/div>\n\t\t\t\t<div class=\"elementor-element elementor-element-291d479 elementor-widget__width-auto elementor-widget elementor-widget-button\" data-id=\"291d479\" data-element_type=\"widget\" data-widget_type=\"button.default\">\n\t\t\t\t<div class=\"elementor-widget-container\">\n\t\t\t\t\t\t\t\t\t<div class=\"elementor-button-wrapper\">\n\t\t\t\t\t<a class=\"elementor-button elementor-button-link elementor-size-sm\" href=\"#kurse\">\n\t\t\t\t\t\t<span class=\"elementor-button-content-wrapper\">\n\t\t\t\t\t\t\t\t\t<span class=\"elementor-button-text\">Kurse mit Richard Stiegler<\/span>\n\t\t\t\t\t<\/span>\n\t\t\t\t\t<\/a>\n\t\t\t\t<\/div>\n\t\t\t\t\t\t\t\t<\/div>\n\t\t\t\t<\/div>\n\t\t\t\t\t<\/div>\n\t\t<\/div>\n\t\t\t\t\t<\/div>\n\t\t<\/section>\n\t\t\t\t\t<\/div>\n\t\t<\/div>\n\t\t\t\t\t<\/div>\n\t\t<\/section>\n\t\t\t\t<section class=\"elementor-section elementor-top-section elementor-element elementor-element-0d41ca0 elementor-section-boxed elementor-section-height-default elementor-section-height-default\" data-id=\"0d41ca0\" data-element_type=\"section\">\n\t\t\t\t\t\t<div class=\"elementor-container elementor-column-gap-default\">\n\t\t\t\t\t<div class=\"elementor-column elementor-col-100 elementor-top-column elementor-element elementor-element-f444620\" data-id=\"f444620\" data-element_type=\"column\">\n\t\t\t<div class=\"elementor-widget-wrap elementor-element-populated\">\n\t\t\t\t\t\t<section class=\"elementor-section elementor-inner-section elementor-element elementor-element-e84d032 elementor-section-boxed elementor-section-height-default elementor-section-height-default\" data-id=\"e84d032\" data-element_type=\"section\">\n\t\t\t\t\t\t<div class=\"elementor-container elementor-column-gap-default\">\n\t\t\t\t\t<div class=\"elementor-column elementor-col-50 elementor-inner-column elementor-element elementor-element-0181c9a elementor-hidden-mobile\" data-id=\"0181c9a\" data-element_type=\"column\">\n\t\t\t<div class=\"elementor-widget-wrap\">\n\t\t\t\t\t\t\t<\/div>\n\t\t<\/div>\n\t\t\t\t<div class=\"elementor-column elementor-col-50 elementor-inner-column elementor-element elementor-element-838b5a9\" data-id=\"838b5a9\" data-element_type=\"column\">\n\t\t\t<div class=\"elementor-widget-wrap elementor-element-populated\">\n\t\t\t\t\t\t<div class=\"elementor-element elementor-element-aa69ef8 elementor-widget elementor-widget-text-editor\" data-id=\"aa69ef8\" data-element_type=\"widget\" data-widget_type=\"text-editor.default\">\n\t\t\t\t<div class=\"elementor-widget-container\">\n\t\t\t\t\t\t\t\t\t<p>Sie haben das Buch gelesen? Ihre Meinung interessiert uns!<\/p>\t\t\t\t\t\t\t\t<\/div>\n\t\t\t\t<\/div>\n\t\t\t\t\t<\/div>\n\t\t<\/div>\n\t\t\t\t\t<\/div>\n\t\t<\/section>\n\t\t\t\t\t<\/div>\n\t\t<\/div>\n\t\t\t\t\t<\/div>\n\t\t<\/section>\n\t\t\t\t<section class=\"elementor-section elementor-top-section elementor-element elementor-element-a69b92a elementor-section-boxed elementor-section-height-default elementor-section-height-default\" data-id=\"a69b92a\" data-element_type=\"section\" id=\"kurse\">\n\t\t\t\t\t\t<div class=\"elementor-container elementor-column-gap-default\">\n\t\t\t\t\t<div class=\"elementor-column elementor-col-100 elementor-top-column elementor-element elementor-element-79bf595\" data-id=\"79bf595\" data-element_type=\"column\">\n\t\t\t<div class=\"elementor-widget-wrap elementor-element-populated\">\n\t\t\t\t\t\t<section class=\"elementor-section elementor-inner-section elementor-element elementor-element-8785ca5 elementor-section-boxed elementor-section-height-default elementor-section-height-default\" data-id=\"8785ca5\" data-element_type=\"section\">\n\t\t\t\t\t\t<div class=\"elementor-container elementor-column-gap-default\">\n\t\t\t\t\t<div class=\"elementor-column elementor-col-100 elementor-inner-column elementor-element elementor-element-afc7e1f\" data-id=\"afc7e1f\" data-element_type=\"column\">\n\t\t\t<div class=\"elementor-widget-wrap elementor-element-populated\">\n\t\t\t\t\t\t<div class=\"elementor-element elementor-element-f93b56a elementor-widget elementor-widget-spacer\" data-id=\"f93b56a\" data-element_type=\"widget\" data-widget_type=\"spacer.default\">\n\t\t\t\t<div class=\"elementor-widget-container\">\n\t\t\t\t\t\t\t<div class=\"elementor-spacer\">\n\t\t\t<div class=\"elementor-spacer-inner\"><\/div>\n\t\t<\/div>\n\t\t\t\t\t\t<\/div>\n\t\t\t\t<\/div>\n\t\t\t\t<div class=\"elementor-element elementor-element-5366ead elementor-widget elementor-widget-text-editor\" data-id=\"5366ead\" data-element_type=\"widget\" data-widget_type=\"text-editor.default\">\n\t\t\t\t<div class=\"elementor-widget-container\">\n\t\t\t\t\t\t\t<span style=\"display:none\">\n\t\t\tarray(4) {\n  [\"dozent\"]=>\n  string(4) \"5626\"\n  [\"filter\"]=>\n  string(5) \"false\"\n  [\"thema\"]=>\n  string(0) \"\"\n  [\"format\"]=>\n  string(0) \"\"\n}\n\t\t<\/span>\n\t\t\t\t<h3>Die n\u00e4chsten Kurse mit Richard Stiegler<\/h3>\n\n<section class=\"elementor-section elementor-top-section elementor-element elementor-section-boxed elementor-section-height-default animated fadeIn course-list\">\n\t\n\t\n\n\n\t\t\t\n\t\t<div class=\"course-items tpl-tile\">\n\n\t\t\n\t\t\t<div class=\"course-item course-kachel dozent_5626 thema_99 thema_4 thema_6 thema_102 format_11 format_97 monat_2026_05 course-status-frei \">\n\t\t\n\t\t<!-- onclick=\"click_on_link(event, 'https:\/\/domicilium.de\/zen-spiritualitaet-bildung\/kurs\/stille-und-die-liebe-zum-einfachen-meditation-und-schweigen-in-den-kategorien-buddhismus-meditation-persoenlichkeitsbildung-vipassana-praesenz-sesshin-retreat-mit-richard-stiegler-bei-muenchen-in-baye\/')\" -->\n\n\t\t<div class=\"course-info-wrapper\">\n\t\t\t\n\t\t\t<div class=\"date-block\">\n\t\t\t\t<span class=\"month\">Mai<\/span>\n\t\t\t\t<span class=\"year\">2026<\/span>\n\t\t\t<\/div>\n\n\t\t\t<div class=\"date-range\">\n\t\t\t\t<span class=\"date-from\">Di 26.05. &#8211;<\/span>\n\t\t\t\t<span class=\"date-to\">So 31.05.<\/span>\n\t\t\t\t<span class=\"course-number\">K2618<br>\n\t\t\t\t\t\t\t\t\t\t\t<span class=\"praesenz\"><\/span>\n\t\t\t\t\t\t<!-- <br>\n\t\t\t\t\t\t<img decoding=\"async\" src=\"\/wp-content\/uploads\/sites\/3\/assets\/icon-location-4.svg\" width=\"75\" alt=\"\"> -->\n\t\t\t\t\t\t\t\t\t\t\t\t\t\t<\/span>\n\t\t\t<\/div>\n\n\t\t\t<div class=\"course-name-and-booking\">\n\t\t\t\t<h4 class=\"course-title\"><a href=\"https:\/\/domicilium.de\/zen-spiritualitaet-bildung\/kurs\/stille-und-die-liebe-zum-einfachen-meditation-und-schweigen-in-den-kategorien-buddhismus-meditation-persoenlichkeitsbildung-vipassana-praesenz-sesshin-retreat-mit-richard-stiegler-bei-muenchen-in-baye\/\">Stille und die Liebe zum Einfachen<\/a><\/h4>\n\t\t\t\t<h5 class=\"course-subtitle\"><a href=\"https:\/\/domicilium.de\/zen-spiritualitaet-bildung\/kurs\/stille-und-die-liebe-zum-einfachen-meditation-und-schweigen-in-den-kategorien-buddhismus-meditation-persoenlichkeitsbildung-vipassana-praesenz-sesshin-retreat-mit-richard-stiegler-bei-muenchen-in-baye\/\">Meditation und Schweigen<\/a><\/h5>\n\t\t\t\t<ul class=\"course-description\">\n\t\t\t\t\t<li>5 Tage Meditation mit Richard Stiegler<\/li>\n\t\t\t\t\t<li>Kursgeb&uuml;hr: 380\u00a0\u20ac <\/li>\t\t\t\t\t\t\t\t\t\t\t\t\t\t\t<li>Unterbringung\/Verpflegung: 295 &euro; bis 445 &euro;<\/li>\t\t\t\t\t\n\t\t\t\t<\/ul>\t\t\t\t\n\t\t\t<\/div>\n\n\t\t\t<div class=\"course-trainers\">\n\t\t\t\t<div class=\"trainers\">\n\t\t<a onClick=\"click_on_link(event,'https:\/\/domicilium.de\/zen-spiritualitaet-bildung\/dozenten\/richard-stiegler\/')\" title=\"Richard Stiegler\"><img decoding=\"async\" src=\"https:\/\/domicilium.de\/zen-spiritualitaet-bildung\/wp-content\/uploads\/sites\/3\/2022\/11\/Richard_Stiegler-150x150.jpg\" alt=\"Portr%C3%A4t+Richard+Stiegler\" \/><\/a>\t<\/div>\n\t<div class=\"trainer_names\">\n\t\t<a class=\"js_link\" onClick=\"click_on_link(event,'https:\/\/domicilium.de\/zen-spiritualitaet-bildung\/dozenten\/richard-stiegler\/')\" title=\"Richard Stiegler\">Richard Stiegler<\/a><br>\t<\/div>\n\t\t\t<\/div>\n\n\t\t<\/div>\n\n\t\t<div class=\"attend-button-wrapper\" style=\"display: flex; flex-direction: row; align-items: center\">\n\t\t\t\t\t\t\t<div><a onClick=\"click_on_link(event,'https:\/\/domicilium.de\/zen-spiritualitaet-bildung\/kurs\/stille-und-die-liebe-zum-einfachen-meditation-und-schweigen-in-den-kategorien-buddhismus-meditation-persoenlichkeitsbildung-vipassana-praesenz-sesshin-retreat-mit-richard-stiegler-bei-muenchen-in-baye\/')\" class=\"btn attend\">Info &#038; Buchung<\/a><\/div> \n\t\t\t\t\n\t\t\t\t<div style=\"display:inline-block;\"><img decoding=\"async\" src=\"\/wp-content\/uploads\/sites\/3\/assets\/icon-location-7.svg\" alt=\"\" style=\"width:110px; padding:10px 0 0 10px;\"><\/div>  \n\t\t\t\t \n\t\t\t\t\n\t\t\t\t\t<\/div>\n\n\t\t\n\t<\/div>\n\n\t<script>\n\t\tfunction click_on_link(event, target)\n\t\t{\n\t\t\t\/\/ window.open(target,'_blank');\n\t\t\tlocation.href = target;\n\t\t\tevent.stopPropagation();\n\t\t}\n\t<\/script>\n\n\n\t\n\t\n\t\t\n\n\t\t\n\t\t\t<div class=\"course-item course-kachel dozent_5626 dozent_20263 thema_99 thema_4 thema_6 thema_102 format_10 format_97 monat_2026_05 course-status-frei \">\n\t\t\n\t\t<!-- onclick=\"click_on_link(event, 'https:\/\/domicilium.de\/zen-spiritualitaet-bildung\/kurs\/stille-und-die-liebe-zum-einfachen-meditation-und-schweigen-im-eigenen-heim-in-den-kategorien-buddhismus-meditation-persoenlichkeitsbildung-vipassana-online-sesshin-retreat-mit-richard-stiegler-und-an\/')\" -->\n\n\t\t<div class=\"course-info-wrapper\">\n\t\t\t\n\t\t\t<div class=\"date-block\">\n\t\t\t\t<span class=\"month\">Mai<\/span>\n\t\t\t\t<span class=\"year\">2026<\/span>\n\t\t\t<\/div>\n\n\t\t\t<div class=\"date-range\">\n\t\t\t\t<span class=\"date-from\">Di 26.05. &#8211;<\/span>\n\t\t\t\t<span class=\"date-to\">So 31.05.<\/span>\n\t\t\t\t<span class=\"course-number\">V26001<br>\n\t\t\t\t\t\t\t\t\t\t\t\t\t\t\t\t<span class=\"online\"><\/span>\n\t\t\t\t\t\t\t\t\t<\/span>\n\t\t\t<\/div>\n\n\t\t\t<div class=\"course-name-and-booking\">\n\t\t\t\t<h4 class=\"course-title\"><a href=\"https:\/\/domicilium.de\/zen-spiritualitaet-bildung\/kurs\/stille-und-die-liebe-zum-einfachen-meditation-und-schweigen-im-eigenen-heim-in-den-kategorien-buddhismus-meditation-persoenlichkeitsbildung-vipassana-online-sesshin-retreat-mit-richard-stiegler-und-an\/\">Stille und die Liebe zum Einfachen<\/a><\/h4>\n\t\t\t\t<h5 class=\"course-subtitle\"><a href=\"https:\/\/domicilium.de\/zen-spiritualitaet-bildung\/kurs\/stille-und-die-liebe-zum-einfachen-meditation-und-schweigen-im-eigenen-heim-in-den-kategorien-buddhismus-meditation-persoenlichkeitsbildung-vipassana-online-sesshin-retreat-mit-richard-stiegler-und-an\/\">Meditation und Schweigen im eigenen Heim<\/a><\/h5>\n\t\t\t\t<ul class=\"course-description\">\n\t\t\t\t\t<li>5 Tage Meditation mit Richard Stiegler und Anja Kleer<\/li>\n\t\t\t\t\t<li>Kursgeb&uuml;hr: 380\u00a0\u20ac <\/li>\t\t\t\t\t\t\t\t\t\t<li>Technikgeb&uuml;hr: 125 &euro;<\/li>\t\t\t\t\t\t\t\t\t\t\n\t\t\t\t<\/ul>\t\t\t\t\n\t\t\t<\/div>\n\n\t\t\t<div class=\"course-trainers\">\n\t\t\t\t<div class=\"trainers\">\n\t\t<a onClick=\"click_on_link(event,'https:\/\/domicilium.de\/zen-spiritualitaet-bildung\/dozenten\/richard-stiegler\/')\" title=\"Richard Stiegler\"><img decoding=\"async\" src=\"https:\/\/domicilium.de\/zen-spiritualitaet-bildung\/wp-content\/uploads\/sites\/3\/2022\/11\/Richard_Stiegler-150x150.jpg\" alt=\"Portr%C3%A4t+Richard+Stiegler\" \/><\/a><a onClick=\"click_on_link(event,'https:\/\/domicilium.de\/zen-spiritualitaet-bildung\/dozenten\/anja-kleer\/')\" title=\"Anja Kleer\"><img decoding=\"async\" src=\"https:\/\/domicilium.de\/zen-spiritualitaet-bildung\/wp-content\/uploads\/sites\/3\/2026\/04\/Anja_Kleer_Web_500x500px_2-150x150.jpg\" alt=\"Anja+Kleer\" \/><\/a>\t<\/div>\n\t<div class=\"trainer_names\">\n\t\t<a class=\"js_link\" onClick=\"click_on_link(event,'https:\/\/domicilium.de\/zen-spiritualitaet-bildung\/dozenten\/richard-stiegler\/')\" title=\"Richard Stiegler\">Richard Stiegler<\/a><br><a class=\"js_link\" onClick=\"click_on_link(event,'https:\/\/domicilium.de\/zen-spiritualitaet-bildung\/dozenten\/anja-kleer\/')\" title=\"Anja Kleer\">Anja Kleer<\/a><br>\t<\/div>\n\t\t\t<\/div>\n\n\t\t<\/div>\n\n\t\t<div class=\"attend-button-wrapper\" style=\"display: flex; flex-direction: row; align-items: center\">\n\t\t\t\t\t\t\t<div><a onClick=\"click_on_link(event,'https:\/\/domicilium.de\/zen-spiritualitaet-bildung\/kurs\/stille-und-die-liebe-zum-einfachen-meditation-und-schweigen-im-eigenen-heim-in-den-kategorien-buddhismus-meditation-persoenlichkeitsbildung-vipassana-online-sesshin-retreat-mit-richard-stiegler-und-an\/')\" class=\"btn attend\">Info &#038; Buchung<\/a><\/div> \n\t\t\t\t\n\t\t\t\t \n\t\t\t\t<div style=\"display:inline-block;\"><img decoding=\"async\" src=\"\/wp-content\/uploads\/sites\/3\/assets\/icon-online.svg\" alt=\"\" style=\"width:110px; padding:10px 0 0 10px;\"><\/div>  \n\t\t\t\t\n\t\t\t\t\t<\/div>\n\n\t\t\n\t<\/div>\n\n\t<script>\n\t\tfunction click_on_link(event, target)\n\t\t{\n\t\t\t\/\/ window.open(target,'_blank');\n\t\t\tlocation.href = target;\n\t\t\tevent.stopPropagation();\n\t\t}\n\t<\/script>\n\n\n\t\n\t\n\t\t\n\n\t\t\n\t\t\t<div class=\"course-item course-kachel dozent_5626 thema_99 thema_4 thema_6 thema_102 format_11 format_97 monat_2026_12 course-status-frei \">\n\t\t\n\t\t<!-- onclick=\"click_on_link(event, 'https:\/\/domicilium.de\/zen-spiritualitaet-bildung\/kurs\/stille-und-verbundenheit-meditation-und-schweigen-in-den-kategorien-buddhismus-meditation-persoenlichkeitsbildung-vipassana-praesenz-sesshin-retreat-mit-richard-stiegler-bei-muenchen-in-bayern-in-sued\/')\" -->\n\n\t\t<div class=\"course-info-wrapper\">\n\t\t\t\n\t\t\t<div class=\"date-block\">\n\t\t\t\t<span class=\"month\">Dez<\/span>\n\t\t\t\t<span class=\"year\">2026<\/span>\n\t\t\t<\/div>\n\n\t\t\t<div class=\"date-range\">\n\t\t\t\t<span class=\"date-from\">Mi 02.12. &#8211;<\/span>\n\t\t\t\t<span class=\"date-to\">So 06.12.<\/span>\n\t\t\t\t<span class=\"course-number\">K2640<br>\n\t\t\t\t\t\t\t\t\t\t\t<span class=\"praesenz\"><\/span>\n\t\t\t\t\t\t<!-- <br>\n\t\t\t\t\t\t<img decoding=\"async\" src=\"\/wp-content\/uploads\/sites\/3\/assets\/icon-location-4.svg\" width=\"75\" alt=\"\"> -->\n\t\t\t\t\t\t\t\t\t\t\t\t\t\t<\/span>\n\t\t\t<\/div>\n\n\t\t\t<div class=\"course-name-and-booking\">\n\t\t\t\t<h4 class=\"course-title\"><a href=\"https:\/\/domicilium.de\/zen-spiritualitaet-bildung\/kurs\/stille-und-verbundenheit-meditation-und-schweigen-in-den-kategorien-buddhismus-meditation-persoenlichkeitsbildung-vipassana-praesenz-sesshin-retreat-mit-richard-stiegler-bei-muenchen-in-bayern-in-sued\/\">Stille und Verbundenheit<\/a><\/h4>\n\t\t\t\t<h5 class=\"course-subtitle\"><a href=\"https:\/\/domicilium.de\/zen-spiritualitaet-bildung\/kurs\/stille-und-verbundenheit-meditation-und-schweigen-in-den-kategorien-buddhismus-meditation-persoenlichkeitsbildung-vipassana-praesenz-sesshin-retreat-mit-richard-stiegler-bei-muenchen-in-bayern-in-sued\/\">Meditation und Schweigen<\/a><\/h5>\n\t\t\t\t<ul class=\"course-description\">\n\t\t\t\t\t<li>4 Tage Meditation mit Richard Stiegler<\/li>\n\t\t\t\t\t<li>Kursgeb&uuml;hr: 305\u00a0\u20ac <\/li>\t\t\t\t\t\t\t\t\t\t\t\t\t\t\t<li>Unterbringung\/Verpflegung: 236 &euro; bis 356 &euro;<\/li>\t\t\t\t\t\n\t\t\t\t<\/ul>\t\t\t\t\n\t\t\t<\/div>\n\n\t\t\t<div class=\"course-trainers\">\n\t\t\t\t<div class=\"trainers\">\n\t\t<a onClick=\"click_on_link(event,'https:\/\/domicilium.de\/zen-spiritualitaet-bildung\/dozenten\/richard-stiegler\/')\" title=\"Richard Stiegler\"><img decoding=\"async\" src=\"https:\/\/domicilium.de\/zen-spiritualitaet-bildung\/wp-content\/uploads\/sites\/3\/2022\/11\/Richard_Stiegler-150x150.jpg\" alt=\"Portr%C3%A4t+Richard+Stiegler\" \/><\/a>\t<\/div>\n\t<div class=\"trainer_names\">\n\t\t<a class=\"js_link\" onClick=\"click_on_link(event,'https:\/\/domicilium.de\/zen-spiritualitaet-bildung\/dozenten\/richard-stiegler\/')\" title=\"Richard Stiegler\">Richard Stiegler<\/a><br>\t<\/div>\n\t\t\t<\/div>\n\n\t\t<\/div>\n\n\t\t<div class=\"attend-button-wrapper\" style=\"display: flex; flex-direction: row; align-items: center\">\n\t\t\t\t\t\t\t<div><a onClick=\"click_on_link(event,'https:\/\/domicilium.de\/zen-spiritualitaet-bildung\/kurs\/stille-und-verbundenheit-meditation-und-schweigen-in-den-kategorien-buddhismus-meditation-persoenlichkeitsbildung-vipassana-praesenz-sesshin-retreat-mit-richard-stiegler-bei-muenchen-in-bayern-in-sued\/')\" class=\"btn attend\">Info &#038; Buchung<\/a><\/div> \n\t\t\t\t\n\t\t\t\t<div style=\"display:inline-block;\"><img decoding=\"async\" src=\"\/wp-content\/uploads\/sites\/3\/assets\/icon-location-7.svg\" alt=\"\" style=\"width:110px; padding:10px 0 0 10px;\"><\/div>  \n\t\t\t\t \n\t\t\t\t\n\t\t\t\t\t<\/div>\n\n\t\t\n\t<\/div>\n\n\t<script>\n\t\tfunction click_on_link(event, target)\n\t\t{\n\t\t\t\/\/ window.open(target,'_blank');\n\t\t\tlocation.href = target;\n\t\t\tevent.stopPropagation();\n\t\t}\n\t<\/script>\n\n\n\t\n\t\n\t\t\n\n\t\t\n\t\t\t<div class=\"course-item course-kachel dozent_5626 dozent_20263 thema_99 thema_4 thema_6 thema_102 format_10 format_97 monat_2026_12 course-status-frei \">\n\t\t\n\t\t<!-- onclick=\"click_on_link(event, 'https:\/\/domicilium.de\/zen-spiritualitaet-bildung\/kurs\/stille-und-verbundenheit-meditation-und-schweigen-im-eigenen-heim-in-den-kategorien-buddhismus-meditation-persoenlichkeitsbildung-vipassana-online-sesshin-retreat-mit-richard-stiegler-und-anja-kleer-v\/')\" -->\n\n\t\t<div class=\"course-info-wrapper\">\n\t\t\t\n\t\t\t<div class=\"date-block\">\n\t\t\t\t<span class=\"month\">Dez<\/span>\n\t\t\t\t<span class=\"year\">2026<\/span>\n\t\t\t<\/div>\n\n\t\t\t<div class=\"date-range\">\n\t\t\t\t<span class=\"date-from\">Mi 02.12. &#8211;<\/span>\n\t\t\t\t<span class=\"date-to\">So 06.12.<\/span>\n\t\t\t\t<span class=\"course-number\">V26002<br>\n\t\t\t\t\t\t\t\t\t\t\t\t\t\t\t\t<span class=\"online\"><\/span>\n\t\t\t\t\t\t\t\t\t<\/span>\n\t\t\t<\/div>\n\n\t\t\t<div class=\"course-name-and-booking\">\n\t\t\t\t<h4 class=\"course-title\"><a href=\"https:\/\/domicilium.de\/zen-spiritualitaet-bildung\/kurs\/stille-und-verbundenheit-meditation-und-schweigen-im-eigenen-heim-in-den-kategorien-buddhismus-meditation-persoenlichkeitsbildung-vipassana-online-sesshin-retreat-mit-richard-stiegler-und-anja-kleer-v\/\">Stille und Verbundenheit<\/a><\/h4>\n\t\t\t\t<h5 class=\"course-subtitle\"><a href=\"https:\/\/domicilium.de\/zen-spiritualitaet-bildung\/kurs\/stille-und-verbundenheit-meditation-und-schweigen-im-eigenen-heim-in-den-kategorien-buddhismus-meditation-persoenlichkeitsbildung-vipassana-online-sesshin-retreat-mit-richard-stiegler-und-anja-kleer-v\/\">Meditation und Schweigen im eigenen Heim<\/a><\/h5>\n\t\t\t\t<ul class=\"course-description\">\n\t\t\t\t\t<li>4 Tage Meditation mit Richard Stiegler und Ruth Bissinger<\/li>\n\t\t\t\t\t<li>Kursgeb&uuml;hr: 305\u00a0\u20ac <\/li>\t\t\t\t\t\t\t\t\t\t<li>Technikgeb&uuml;hr: 100 &euro;<\/li>\t\t\t\t\t\t\t\t\t\t\n\t\t\t\t<\/ul>\t\t\t\t\n\t\t\t<\/div>\n\n\t\t\t<div class=\"course-trainers\">\n\t\t\t\t<div class=\"trainers\">\n\t\t<a onClick=\"click_on_link(event,'https:\/\/domicilium.de\/zen-spiritualitaet-bildung\/dozenten\/richard-stiegler\/')\" title=\"Richard Stiegler\"><img decoding=\"async\" src=\"https:\/\/domicilium.de\/zen-spiritualitaet-bildung\/wp-content\/uploads\/sites\/3\/2022\/11\/Richard_Stiegler-150x150.jpg\" alt=\"Portr%C3%A4t+Richard+Stiegler\" \/><\/a><a onClick=\"click_on_link(event,'https:\/\/domicilium.de\/zen-spiritualitaet-bildung\/dozenten\/anja-kleer\/')\" title=\"Anja Kleer\"><img decoding=\"async\" src=\"https:\/\/domicilium.de\/zen-spiritualitaet-bildung\/wp-content\/uploads\/sites\/3\/2026\/04\/Anja_Kleer_Web_500x500px_2-150x150.jpg\" alt=\"Anja+Kleer\" \/><\/a>\t<\/div>\n\t<div class=\"trainer_names\">\n\t\t<a class=\"js_link\" onClick=\"click_on_link(event,'https:\/\/domicilium.de\/zen-spiritualitaet-bildung\/dozenten\/richard-stiegler\/')\" title=\"Richard Stiegler\">Richard Stiegler<\/a><br><a class=\"js_link\" onClick=\"click_on_link(event,'https:\/\/domicilium.de\/zen-spiritualitaet-bildung\/dozenten\/anja-kleer\/')\" title=\"Anja Kleer\">Anja Kleer<\/a><br>\t<\/div>\n\t\t\t<\/div>\n\n\t\t<\/div>\n\n\t\t<div class=\"attend-button-wrapper\" style=\"display: flex; flex-direction: row; align-items: center\">\n\t\t\t\t\t\t\t<div><a onClick=\"click_on_link(event,'https:\/\/domicilium.de\/zen-spiritualitaet-bildung\/kurs\/stille-und-verbundenheit-meditation-und-schweigen-im-eigenen-heim-in-den-kategorien-buddhismus-meditation-persoenlichkeitsbildung-vipassana-online-sesshin-retreat-mit-richard-stiegler-und-anja-kleer-v\/')\" class=\"btn attend\">Info &#038; Buchung<\/a><\/div> \n\t\t\t\t\n\t\t\t\t \n\t\t\t\t<div style=\"display:inline-block;\"><img decoding=\"async\" src=\"\/wp-content\/uploads\/sites\/3\/assets\/icon-online.svg\" alt=\"\" style=\"width:110px; padding:10px 0 0 10px;\"><\/div>  \n\t\t\t\t\n\t\t\t\t\t<\/div>\n\n\t\t\n\t<\/div>\n\n\t<script>\n\t\tfunction click_on_link(event, target)\n\t\t{\n\t\t\t\/\/ window.open(target,'_blank');\n\t\t\tlocation.href = target;\n\t\t\tevent.stopPropagation();\n\t\t}\n\t<\/script>\n\n\n\t\n\t\n\t\t\n\n\t\t\t\t\t\n\n\n\t\t\n\t<\/div> <!-- \/course-items -->\n\n\n\t\n<\/section>\n\t\t\t\t\t\t\t\t<\/div>\n\t\t\t\t<\/div>\n\t\t\t\t\t<\/div>\n\t\t<\/div>\n\t\t\t\t\t<\/div>\n\t\t<\/section>\n\t\t\t\t\t<\/div>\n\t\t<\/div>\n\t\t\t\t\t<\/div>\n\t\t<\/section>\n\t\t\t\t<\/div>\n\t\t","protected":false},"excerpt":{"rendered":"<p>Pr\u00e4senz, Annahme, Offensein, Einssein und innere F\u00fchrung sind Grundhaltungen, die die Kraft haben, unser allt\u00e4gliches Leben und unsere Beziehungen zu verwandeln. Richard Stieglers Buch ist ein Leitfaden f\u00fcr ein spirituelles Leben im Alltag.<\/p>\n","protected":false},"author":5,"featured_media":11870,"comment_status":"open","ping_status":"closed","sticky":false,"template":"","format":"standard","meta":{"_acf_changed":false,"_mo_disable_npp":"","inline_featured_image":false,"_lmt_disableupdate":"no","_lmt_disable":"","footnotes":""},"categories":[104],"tags":[],"class_list":["post-11867","post","type-post","status-publish","format-standard","has-post-thumbnail","hentry","category-buchempfehlung"],"acf":[],"yoast_head":"<!-- This site is optimized with the Yoast SEO plugin v27.3 - https:\/\/yoast.com\/product\/yoast-seo-wordpress\/ -->\n<title>Im Einklang leben - Zen, Spiritualit\u00e4t und Bildung \u00b7 Domicilium Weyarn<\/title>\n<meta name=\"robots\" content=\"index, follow, max-snippet:-1, max-image-preview:large, max-video-preview:-1\" \/>\n<link rel=\"canonical\" href=\"https:\/\/domicilium.de\/zen-spiritualitaet-bildung\/im-einklang-leben\/\" \/>\n<meta property=\"og:locale\" content=\"de_DE\" \/>\n<meta property=\"og:type\" content=\"article\" \/>\n<meta property=\"og:title\" content=\"Im Einklang leben - Zen, Spiritualit\u00e4t und Bildung \u00b7 Domicilium Weyarn\" \/>\n<meta property=\"og:description\" content=\"Pr\u00e4senz, Annahme, Offensein, Einssein und innere F\u00fchrung sind Grundhaltungen, die die Kraft haben, unser allt\u00e4gliches Leben und unsere Beziehungen zu verwandeln. Richard Stieglers Buch ist ein Leitfaden f\u00fcr ein spirituelles Leben im Alltag.\" \/>\n<meta property=\"og:url\" content=\"https:\/\/domicilium.de\/zen-spiritualitaet-bildung\/im-einklang-leben\/\" \/>\n<meta property=\"og:site_name\" content=\"Zen, Spiritualit\u00e4t und Bildung \u00b7 Domicilium Weyarn\" \/>\n<meta property=\"article:publisher\" content=\"https:\/\/www.facebook.com\/Domicilium.eV\" \/>\n<meta property=\"article:published_time\" content=\"2023-07-24T11:25:10+00:00\" \/>\n<meta property=\"article:modified_time\" content=\"2023-10-18T15:12:38+00:00\" \/>\n<meta property=\"og:image\" content=\"https:\/\/domicilium.de\/zen-spiritualitaet-bildung\/wp-content\/uploads\/sites\/3\/2023\/07\/Buchvcover_Im_Einklang_leben.jpg\" \/>\n\t<meta property=\"og:image:width\" content=\"300\" \/>\n\t<meta property=\"og:image:height\" content=\"427\" \/>\n\t<meta property=\"og:image:type\" content=\"image\/jpeg\" \/>\n<meta name=\"author\" content=\"Michael Scheibel\" \/>\n<meta name=\"twitter:card\" content=\"summary_large_image\" \/>\n<meta name=\"twitter:label1\" content=\"Geschrieben von\" \/>\n\t<meta name=\"twitter:data1\" content=\"Michael Scheibel\" \/>\n\t<meta name=\"twitter:label2\" content=\"Gesch\u00e4tzte Lesezeit\" \/>\n\t<meta name=\"twitter:data2\" content=\"9\u00a0Minuten\" \/>\n<script type=\"application\/ld+json\" class=\"yoast-schema-graph\">{\"@context\":\"https:\\\/\\\/schema.org\",\"@graph\":[{\"@type\":\"Article\",\"@id\":\"https:\\\/\\\/domicilium.de\\\/zen-spiritualitaet-bildung\\\/im-einklang-leben\\\/#article\",\"isPartOf\":{\"@id\":\"https:\\\/\\\/domicilium.de\\\/zen-spiritualitaet-bildung\\\/im-einklang-leben\\\/\"},\"author\":{\"name\":\"Michael Scheibel\",\"@id\":\"https:\\\/\\\/domicilium.de\\\/zen-spiritualitaet-bildung\\\/#\\\/schema\\\/person\\\/41bb1e327dd81bebb626bebc79fd0e06\"},\"headline\":\"Im Einklang leben\",\"datePublished\":\"2023-07-24T11:25:10+00:00\",\"dateModified\":\"2023-10-18T15:12:38+00:00\",\"mainEntityOfPage\":{\"@id\":\"https:\\\/\\\/domicilium.de\\\/zen-spiritualitaet-bildung\\\/im-einklang-leben\\\/\"},\"wordCount\":577,\"commentCount\":0,\"publisher\":{\"@id\":\"https:\\\/\\\/domicilium.de\\\/zen-spiritualitaet-bildung\\\/#organization\"},\"image\":{\"@id\":\"https:\\\/\\\/domicilium.de\\\/zen-spiritualitaet-bildung\\\/im-einklang-leben\\\/#primaryimage\"},\"thumbnailUrl\":\"https:\\\/\\\/domicilium.de\\\/zen-spiritualitaet-bildung\\\/wp-content\\\/uploads\\\/sites\\\/3\\\/2023\\\/07\\\/Buchvcover_Im_Einklang_leben.jpg\",\"articleSection\":[\"Buchempfehlung\"],\"inLanguage\":\"de\",\"potentialAction\":[{\"@type\":\"CommentAction\",\"name\":\"Comment\",\"target\":[\"https:\\\/\\\/domicilium.de\\\/zen-spiritualitaet-bildung\\\/im-einklang-leben\\\/#respond\"]}]},{\"@type\":\"WebPage\",\"@id\":\"https:\\\/\\\/domicilium.de\\\/zen-spiritualitaet-bildung\\\/im-einklang-leben\\\/\",\"url\":\"https:\\\/\\\/domicilium.de\\\/zen-spiritualitaet-bildung\\\/im-einklang-leben\\\/\",\"name\":\"Im Einklang leben - Zen, Spiritualit\u00e4t und Bildung \u00b7 Domicilium Weyarn\",\"isPartOf\":{\"@id\":\"https:\\\/\\\/domicilium.de\\\/zen-spiritualitaet-bildung\\\/#website\"},\"primaryImageOfPage\":{\"@id\":\"https:\\\/\\\/domicilium.de\\\/zen-spiritualitaet-bildung\\\/im-einklang-leben\\\/#primaryimage\"},\"image\":{\"@id\":\"https:\\\/\\\/domicilium.de\\\/zen-spiritualitaet-bildung\\\/im-einklang-leben\\\/#primaryimage\"},\"thumbnailUrl\":\"https:\\\/\\\/domicilium.de\\\/zen-spiritualitaet-bildung\\\/wp-content\\\/uploads\\\/sites\\\/3\\\/2023\\\/07\\\/Buchvcover_Im_Einklang_leben.jpg\",\"datePublished\":\"2023-07-24T11:25:10+00:00\",\"dateModified\":\"2023-10-18T15:12:38+00:00\",\"breadcrumb\":{\"@id\":\"https:\\\/\\\/domicilium.de\\\/zen-spiritualitaet-bildung\\\/im-einklang-leben\\\/#breadcrumb\"},\"inLanguage\":\"de\",\"potentialAction\":[{\"@type\":\"ReadAction\",\"target\":[\"https:\\\/\\\/domicilium.de\\\/zen-spiritualitaet-bildung\\\/im-einklang-leben\\\/\"]}]},{\"@type\":\"ImageObject\",\"inLanguage\":\"de\",\"@id\":\"https:\\\/\\\/domicilium.de\\\/zen-spiritualitaet-bildung\\\/im-einklang-leben\\\/#primaryimage\",\"url\":\"https:\\\/\\\/domicilium.de\\\/zen-spiritualitaet-bildung\\\/wp-content\\\/uploads\\\/sites\\\/3\\\/2023\\\/07\\\/Buchvcover_Im_Einklang_leben.jpg\",\"contentUrl\":\"https:\\\/\\\/domicilium.de\\\/zen-spiritualitaet-bildung\\\/wp-content\\\/uploads\\\/sites\\\/3\\\/2023\\\/07\\\/Buchvcover_Im_Einklang_leben.jpg\",\"width\":300,\"height\":427},{\"@type\":\"BreadcrumbList\",\"@id\":\"https:\\\/\\\/domicilium.de\\\/zen-spiritualitaet-bildung\\\/im-einklang-leben\\\/#breadcrumb\",\"itemListElement\":[{\"@type\":\"ListItem\",\"position\":1,\"name\":\"Startseite\",\"item\":\"https:\\\/\\\/domicilium.de\\\/zen-spiritualitaet-bildung\\\/\"},{\"@type\":\"ListItem\",\"position\":2,\"name\":\"Im Einklang leben\"}]},{\"@type\":\"WebSite\",\"@id\":\"https:\\\/\\\/domicilium.de\\\/zen-spiritualitaet-bildung\\\/#website\",\"url\":\"https:\\\/\\\/domicilium.de\\\/zen-spiritualitaet-bildung\\\/\",\"name\":\"Zen, Spiritualit\u00e4t und Bildung \u00b7 Domicilium Weyarn\",\"description\":\"Kursangebote und Buchungsoptionen f\u00fcr unsere Kurse\",\"publisher\":{\"@id\":\"https:\\\/\\\/domicilium.de\\\/zen-spiritualitaet-bildung\\\/#organization\"},\"potentialAction\":[{\"@type\":\"SearchAction\",\"target\":{\"@type\":\"EntryPoint\",\"urlTemplate\":\"https:\\\/\\\/domicilium.de\\\/zen-spiritualitaet-bildung\\\/?s={search_term_string}\"},\"query-input\":{\"@type\":\"PropertyValueSpecification\",\"valueRequired\":true,\"valueName\":\"search_term_string\"}}],\"inLanguage\":\"de\"},{\"@type\":\"Organization\",\"@id\":\"https:\\\/\\\/domicilium.de\\\/zen-spiritualitaet-bildung\\\/#organization\",\"name\":\"Domicilium Weyarn\",\"url\":\"https:\\\/\\\/domicilium.de\\\/zen-spiritualitaet-bildung\\\/\",\"logo\":{\"@type\":\"ImageObject\",\"inLanguage\":\"de\",\"@id\":\"https:\\\/\\\/domicilium.de\\\/zen-spiritualitaet-bildung\\\/#\\\/schema\\\/logo\\\/image\\\/\",\"url\":\"https:\\\/\\\/domicilium.de\\\/zen-spiritualitaet-bildung\\\/wp-content\\\/uploads\\\/sites\\\/3\\\/2023\\\/05\\\/domicilium-zentrum-fuer-zen-spiritualitaet-und-bildung-logo.png\",\"contentUrl\":\"https:\\\/\\\/domicilium.de\\\/zen-spiritualitaet-bildung\\\/wp-content\\\/uploads\\\/sites\\\/3\\\/2023\\\/05\\\/domicilium-zentrum-fuer-zen-spiritualitaet-und-bildung-logo.png\",\"width\":805,\"height\":183,\"caption\":\"Domicilium Weyarn\"},\"image\":{\"@id\":\"https:\\\/\\\/domicilium.de\\\/zen-spiritualitaet-bildung\\\/#\\\/schema\\\/logo\\\/image\\\/\"},\"sameAs\":[\"https:\\\/\\\/www.facebook.com\\\/Domicilium.eV\",\"https:\\\/\\\/www.instagram.com\\\/domicilium_weyarn\\\/\"]},{\"@type\":\"Person\",\"@id\":\"https:\\\/\\\/domicilium.de\\\/zen-spiritualitaet-bildung\\\/#\\\/schema\\\/person\\\/41bb1e327dd81bebb626bebc79fd0e06\",\"name\":\"Michael Scheibel\",\"image\":{\"@type\":\"ImageObject\",\"inLanguage\":\"de\",\"@id\":\"https:\\\/\\\/secure.gravatar.com\\\/avatar\\\/602ed13162c821523d35d34a5f7a1a164aa632e504636918ce1891ef4732d18f?s=96&d=mm&r=g\",\"url\":\"https:\\\/\\\/secure.gravatar.com\\\/avatar\\\/602ed13162c821523d35d34a5f7a1a164aa632e504636918ce1891ef4732d18f?s=96&d=mm&r=g\",\"contentUrl\":\"https:\\\/\\\/secure.gravatar.com\\\/avatar\\\/602ed13162c821523d35d34a5f7a1a164aa632e504636918ce1891ef4732d18f?s=96&d=mm&r=g\",\"caption\":\"Michael Scheibel\"},\"description\":\"Lorem ipsum dolor sit amet, consetetur sadipscing elitr, sed diam nonumy eirmod tempor invidunt ut labore et dolore magna aliquyam erat, sed diam voluptua. At vero eos et accusam et justo duo dolores et ea rebum. Stet clita kasd gubergren, no sea takimata sanctus est Lorem ipsum dolor sit amet. Lorem ipsum dolor sit amet, consetetur sadipscing elitr, sed diam nonumy eirmod tempor invidunt ut labore et dolore magna aliquyam erat, sed diam voluptua. At vero eos et accusam et justo duo dolores et ea rebum. Stet clita kasd gubergren, no sea takimata sanctus est Lorem ipsum dolor sit amet.\",\"url\":\"https:\\\/\\\/domicilium.de\\\/zen-spiritualitaet-bildung\\\/author\\\/michael-dom\\\/\"}]}<\/script>\n<!-- \/ Yoast SEO plugin. -->","yoast_head_json":{"title":"Im Einklang leben - Zen, Spiritualit\u00e4t und Bildung \u00b7 Domicilium Weyarn","robots":{"index":"index","follow":"follow","max-snippet":"max-snippet:-1","max-image-preview":"max-image-preview:large","max-video-preview":"max-video-preview:-1"},"canonical":"https:\/\/domicilium.de\/zen-spiritualitaet-bildung\/im-einklang-leben\/","og_locale":"de_DE","og_type":"article","og_title":"Im Einklang leben - Zen, Spiritualit\u00e4t und Bildung \u00b7 Domicilium Weyarn","og_description":"Pr\u00e4senz, Annahme, Offensein, Einssein und innere F\u00fchrung sind Grundhaltungen, die die Kraft haben, unser allt\u00e4gliches Leben und unsere Beziehungen zu verwandeln. Richard Stieglers Buch ist ein Leitfaden f\u00fcr ein spirituelles Leben im Alltag.","og_url":"https:\/\/domicilium.de\/zen-spiritualitaet-bildung\/im-einklang-leben\/","og_site_name":"Zen, Spiritualit\u00e4t und Bildung \u00b7 Domicilium Weyarn","article_publisher":"https:\/\/www.facebook.com\/Domicilium.eV","article_published_time":"2023-07-24T11:25:10+00:00","article_modified_time":"2023-10-18T15:12:38+00:00","og_image":[{"width":300,"height":427,"url":"https:\/\/domicilium.de\/zen-spiritualitaet-bildung\/wp-content\/uploads\/sites\/3\/2023\/07\/Buchvcover_Im_Einklang_leben.jpg","type":"image\/jpeg"}],"author":"Michael Scheibel","twitter_card":"summary_large_image","twitter_misc":{"Geschrieben von":"Michael Scheibel","Gesch\u00e4tzte Lesezeit":"9\u00a0Minuten"},"schema":{"@context":"https:\/\/schema.org","@graph":[{"@type":"Article","@id":"https:\/\/domicilium.de\/zen-spiritualitaet-bildung\/im-einklang-leben\/#article","isPartOf":{"@id":"https:\/\/domicilium.de\/zen-spiritualitaet-bildung\/im-einklang-leben\/"},"author":{"name":"Michael Scheibel","@id":"https:\/\/domicilium.de\/zen-spiritualitaet-bildung\/#\/schema\/person\/41bb1e327dd81bebb626bebc79fd0e06"},"headline":"Im Einklang leben","datePublished":"2023-07-24T11:25:10+00:00","dateModified":"2023-10-18T15:12:38+00:00","mainEntityOfPage":{"@id":"https:\/\/domicilium.de\/zen-spiritualitaet-bildung\/im-einklang-leben\/"},"wordCount":577,"commentCount":0,"publisher":{"@id":"https:\/\/domicilium.de\/zen-spiritualitaet-bildung\/#organization"},"image":{"@id":"https:\/\/domicilium.de\/zen-spiritualitaet-bildung\/im-einklang-leben\/#primaryimage"},"thumbnailUrl":"https:\/\/domicilium.de\/zen-spiritualitaet-bildung\/wp-content\/uploads\/sites\/3\/2023\/07\/Buchvcover_Im_Einklang_leben.jpg","articleSection":["Buchempfehlung"],"inLanguage":"de","potentialAction":[{"@type":"CommentAction","name":"Comment","target":["https:\/\/domicilium.de\/zen-spiritualitaet-bildung\/im-einklang-leben\/#respond"]}]},{"@type":"WebPage","@id":"https:\/\/domicilium.de\/zen-spiritualitaet-bildung\/im-einklang-leben\/","url":"https:\/\/domicilium.de\/zen-spiritualitaet-bildung\/im-einklang-leben\/","name":"Im Einklang leben - Zen, Spiritualit\u00e4t und Bildung \u00b7 Domicilium Weyarn","isPartOf":{"@id":"https:\/\/domicilium.de\/zen-spiritualitaet-bildung\/#website"},"primaryImageOfPage":{"@id":"https:\/\/domicilium.de\/zen-spiritualitaet-bildung\/im-einklang-leben\/#primaryimage"},"image":{"@id":"https:\/\/domicilium.de\/zen-spiritualitaet-bildung\/im-einklang-leben\/#primaryimage"},"thumbnailUrl":"https:\/\/domicilium.de\/zen-spiritualitaet-bildung\/wp-content\/uploads\/sites\/3\/2023\/07\/Buchvcover_Im_Einklang_leben.jpg","datePublished":"2023-07-24T11:25:10+00:00","dateModified":"2023-10-18T15:12:38+00:00","breadcrumb":{"@id":"https:\/\/domicilium.de\/zen-spiritualitaet-bildung\/im-einklang-leben\/#breadcrumb"},"inLanguage":"de","potentialAction":[{"@type":"ReadAction","target":["https:\/\/domicilium.de\/zen-spiritualitaet-bildung\/im-einklang-leben\/"]}]},{"@type":"ImageObject","inLanguage":"de","@id":"https:\/\/domicilium.de\/zen-spiritualitaet-bildung\/im-einklang-leben\/#primaryimage","url":"https:\/\/domicilium.de\/zen-spiritualitaet-bildung\/wp-content\/uploads\/sites\/3\/2023\/07\/Buchvcover_Im_Einklang_leben.jpg","contentUrl":"https:\/\/domicilium.de\/zen-spiritualitaet-bildung\/wp-content\/uploads\/sites\/3\/2023\/07\/Buchvcover_Im_Einklang_leben.jpg","width":300,"height":427},{"@type":"BreadcrumbList","@id":"https:\/\/domicilium.de\/zen-spiritualitaet-bildung\/im-einklang-leben\/#breadcrumb","itemListElement":[{"@type":"ListItem","position":1,"name":"Startseite","item":"https:\/\/domicilium.de\/zen-spiritualitaet-bildung\/"},{"@type":"ListItem","position":2,"name":"Im Einklang leben"}]},{"@type":"WebSite","@id":"https:\/\/domicilium.de\/zen-spiritualitaet-bildung\/#website","url":"https:\/\/domicilium.de\/zen-spiritualitaet-bildung\/","name":"Zen, Spiritualit\u00e4t und Bildung \u00b7 Domicilium Weyarn","description":"Kursangebote und Buchungsoptionen f\u00fcr unsere Kurse","publisher":{"@id":"https:\/\/domicilium.de\/zen-spiritualitaet-bildung\/#organization"},"potentialAction":[{"@type":"SearchAction","target":{"@type":"EntryPoint","urlTemplate":"https:\/\/domicilium.de\/zen-spiritualitaet-bildung\/?s={search_term_string}"},"query-input":{"@type":"PropertyValueSpecification","valueRequired":true,"valueName":"search_term_string"}}],"inLanguage":"de"},{"@type":"Organization","@id":"https:\/\/domicilium.de\/zen-spiritualitaet-bildung\/#organization","name":"Domicilium Weyarn","url":"https:\/\/domicilium.de\/zen-spiritualitaet-bildung\/","logo":{"@type":"ImageObject","inLanguage":"de","@id":"https:\/\/domicilium.de\/zen-spiritualitaet-bildung\/#\/schema\/logo\/image\/","url":"https:\/\/domicilium.de\/zen-spiritualitaet-bildung\/wp-content\/uploads\/sites\/3\/2023\/05\/domicilium-zentrum-fuer-zen-spiritualitaet-und-bildung-logo.png","contentUrl":"https:\/\/domicilium.de\/zen-spiritualitaet-bildung\/wp-content\/uploads\/sites\/3\/2023\/05\/domicilium-zentrum-fuer-zen-spiritualitaet-und-bildung-logo.png","width":805,"height":183,"caption":"Domicilium Weyarn"},"image":{"@id":"https:\/\/domicilium.de\/zen-spiritualitaet-bildung\/#\/schema\/logo\/image\/"},"sameAs":["https:\/\/www.facebook.com\/Domicilium.eV","https:\/\/www.instagram.com\/domicilium_weyarn\/"]},{"@type":"Person","@id":"https:\/\/domicilium.de\/zen-spiritualitaet-bildung\/#\/schema\/person\/41bb1e327dd81bebb626bebc79fd0e06","name":"Michael Scheibel","image":{"@type":"ImageObject","inLanguage":"de","@id":"https:\/\/secure.gravatar.com\/avatar\/602ed13162c821523d35d34a5f7a1a164aa632e504636918ce1891ef4732d18f?s=96&d=mm&r=g","url":"https:\/\/secure.gravatar.com\/avatar\/602ed13162c821523d35d34a5f7a1a164aa632e504636918ce1891ef4732d18f?s=96&d=mm&r=g","contentUrl":"https:\/\/secure.gravatar.com\/avatar\/602ed13162c821523d35d34a5f7a1a164aa632e504636918ce1891ef4732d18f?s=96&d=mm&r=g","caption":"Michael Scheibel"},"description":"Lorem ipsum dolor sit amet, consetetur sadipscing elitr, sed diam nonumy eirmod tempor invidunt ut labore et dolore magna aliquyam erat, sed diam voluptua. At vero eos et accusam et justo duo dolores et ea rebum. Stet clita kasd gubergren, no sea takimata sanctus est Lorem ipsum dolor sit amet. Lorem ipsum dolor sit amet, consetetur sadipscing elitr, sed diam nonumy eirmod tempor invidunt ut labore et dolore magna aliquyam erat, sed diam voluptua. At vero eos et accusam et justo duo dolores et ea rebum. Stet clita kasd gubergren, no sea takimata sanctus est Lorem ipsum dolor sit amet.","url":"https:\/\/domicilium.de\/zen-spiritualitaet-bildung\/author\/michael-dom\/"}]}},"modified_by":"Michael Scheibel","_links":{"self":[{"href":"https:\/\/domicilium.de\/zen-spiritualitaet-bildung\/wp-json\/wp\/v2\/posts\/11867","targetHints":{"allow":["GET"]}}],"collection":[{"href":"https:\/\/domicilium.de\/zen-spiritualitaet-bildung\/wp-json\/wp\/v2\/posts"}],"about":[{"href":"https:\/\/domicilium.de\/zen-spiritualitaet-bildung\/wp-json\/wp\/v2\/types\/post"}],"author":[{"embeddable":true,"href":"https:\/\/domicilium.de\/zen-spiritualitaet-bildung\/wp-json\/wp\/v2\/users\/5"}],"replies":[{"embeddable":true,"href":"https:\/\/domicilium.de\/zen-spiritualitaet-bildung\/wp-json\/wp\/v2\/comments?post=11867"}],"version-history":[{"count":13,"href":"https:\/\/domicilium.de\/zen-spiritualitaet-bildung\/wp-json\/wp\/v2\/posts\/11867\/revisions"}],"predecessor-version":[{"id":13459,"href":"https:\/\/domicilium.de\/zen-spiritualitaet-bildung\/wp-json\/wp\/v2\/posts\/11867\/revisions\/13459"}],"wp:featuredmedia":[{"embeddable":true,"href":"https:\/\/domicilium.de\/zen-spiritualitaet-bildung\/wp-json\/wp\/v2\/media\/11870"}],"wp:attachment":[{"href":"https:\/\/domicilium.de\/zen-spiritualitaet-bildung\/wp-json\/wp\/v2\/media?parent=11867"}],"wp:term":[{"taxonomy":"category","embeddable":true,"href":"https:\/\/domicilium.de\/zen-spiritualitaet-bildung\/wp-json\/wp\/v2\/categories?post=11867"},{"taxonomy":"post_tag","embeddable":true,"href":"https:\/\/domicilium.de\/zen-spiritualitaet-bildung\/wp-json\/wp\/v2\/tags?post=11867"}],"curies":[{"name":"wp","href":"https:\/\/api.w.org\/{rel}","templated":true}]}}